{"id":2860,"date":"2020-06-12T15:15:51","date_gmt":"2020-06-12T18:15:51","guid":{"rendered":"http:\/\/folhadopirajucara.com.br\/?p=2860"},"modified":"2020-06-12T15:15:51","modified_gmt":"2020-06-12T18:15:51","slug":"taboao-da-serra-amplia-leitos-de-emergencia-com-novos-respiradores","status":"publish","type":"post","link":"https:\/\/folhadopirajucara.com.br\/index.php\/2020\/06\/12\/taboao-da-serra-amplia-leitos-de-emergencia-com-novos-respiradores\/","title":{"rendered":"Tabo\u00e3o da Serra amplia leitos de emerg\u00eancia com novos respiradores"},"content":{"rendered":"<figure id=\"attachment_2862\" aria-describedby=\"caption-attachment-2862\" style=\"width: 300px\" class=\"wp-caption alignleft\"><img loading=\"lazy\" decoding=\"async\" class=\"wp-image-2862 size-medium\" src=\"https:\/\/folhadopirajucara.com.br\/wp-content\/uploads\/2020\/06\/FOTO-01-Tabo\u00e3o-da-Serra-amplia-leitos-de-emerg\u00eancia-com-novos-respiradores-1-300x200.jpg\" alt=\"\" width=\"300\" height=\"200\" srcset=\"https:\/\/folhadopirajucara.com.br\/wp-content\/uploads\/2020\/06\/FOTO-01-Tabo\u00e3o-da-Serra-amplia-leitos-de-emerg\u00eancia-com-novos-respiradores-1-300x200.jpg 300w, https:\/\/folhadopirajucara.com.br\/wp-content\/uploads\/2020\/06\/FOTO-01-Tabo\u00e3o-da-Serra-amplia-leitos-de-emerg\u00eancia-com-novos-respiradores-1-768x512.jpg 768w, https:\/\/folhadopirajucara.com.br\/wp-content\/uploads\/2020\/06\/FOTO-01-Tabo\u00e3o-da-Serra-amplia-leitos-de-emerg\u00eancia-com-novos-respiradores-1-1024x683.jpg 1024w\" sizes=\"(max-width: 300px) 100vw, 300px\" \/><figcaption id=\"caption-attachment-2862\" class=\"wp-caption-text\">Respiradores doados pelo Governo do Estado de S\u00e3o Paulo ampliam atendimento a pacientes com sintomas graves da COVID-19<\/figcaption><\/figure>\n<p>Tabo\u00e3o da Serra recebeu cinco novos respiradores para atendimento a pacientes com Covid-19. Os equipamentos foram encaminhados pelo Governo do Estado de S\u00e3o Paulo.<\/p>\n<p>Com os novos aparelhos, o Hospital de Campanha, local para onde pessoas com suspeitas de cont\u00e1gio pelo novo coronav\u00edrus devem se dirigir, passou a contar com sete respiradores. Ao todo, o espa\u00e7o tem capacidade para 67 interna\u00e7\u00f5es simult\u00e2neas.<\/p>\n<p>Desde que o Hospital de Campanha entrou em opera\u00e7\u00e3o, no dia 6 de abril, mais de 6700 pacientes foram atendidos no local. \u201cAp\u00f3s passar por uma classifica\u00e7\u00e3o de risco e ser encaminhado para consulta m\u00e9dica, o profissional respons\u00e1vel define, baseado nas informa\u00e7\u00f5es que colheu, se o paciente deve ser medicado e voltar para casa, ficar em observa\u00e7\u00e3o no Hospital de Campanha ou ser encaminhado para uma unidade de terapia intensiva\u201d, explicou a secret\u00e1ria de Sa\u00fade de Tabo\u00e3o, Dra. Raquel Zaicaner.<\/p>\n<p>Al\u00e9m do Hospital de Campanha, a Unidade de Pronto Atendimento Akira Tada foi destinada exclusivamente a pacientes com Covid-19 que estejam em estado grave. As Unidades B\u00e1sicas de Sa\u00fade, o Hospital Geral do Pirajussara e o Pronto-Socorro Antena t\u00eam atendido as demais necessidades m\u00e9dicas.<\/p>\n<p><strong>SERVI\u00c7O<\/strong><\/p>\n<p><strong>Hospital de Campanha <\/strong><\/p>\n<p>Endere\u00e7o: Estrada das Olarias, 670 \u2013 Jardim Guaciara<br \/>\nFuncionamento: de domingo a domingo, 24h por dia.<\/p>\n<p>&nbsp;<\/p>\n<h6><strong>*por\u00a0Victor Sim\u00f5es<\/strong><\/h6>\n<h6><strong>cr\u00e9dito da foto: Ricardo Vaz<\/strong><\/h6>\n","protected":false},"excerpt":{"rendered":"<p>Tabo\u00e3o da Serra recebeu cinco novos respiradores para atendimento a pacientes com Covid-19. Os equipamentos foram encaminhados pelo Governo do<\/p>\n","protected":false},"author":3,"featured_media":2861,"comment_status":"open","ping_status":"open","sticky":false,"template":"","format":"standard","meta":{"footnotes":""},"categories":[1,4,10],"tags":[],"class_list":["post-2860","post","type-post","status-publish","format-standard","has-post-thumbnail","hentry","category-destaque","category-noticias","category-taboao-da-serra"],"_links":{"self":[{"href":"https:\/\/folhadopirajucara.com.br\/index.php\/wp-json\/wp\/v2\/posts\/2860"}],"collection":[{"href":"https:\/\/folhadopirajucara.com.br\/index.php\/wp-json\/wp\/v2\/posts"}],"about":[{"href":"https:\/\/folhadopirajucara.com.br\/index.php\/wp-json\/wp\/v2\/types\/post"}],"author":[{"embeddable":true,"href":"https:\/\/folhadopirajucara.com.br\/index.php\/wp-json\/wp\/v2\/users\/3"}],"replies":[{"embeddable":true,"href":"https:\/\/folhadopirajucara.com.br\/index.php\/wp-json\/wp\/v2\/comments?post=2860"}],"version-history":[{"count":0,"href":"https:\/\/folhadopirajucara.com.br\/index.php\/wp-json\/wp\/v2\/posts\/2860\/revisions"}],"wp:featuredmedia":[{"embeddable":true,"href":"https:\/\/folhadopirajucara.com.br\/index.php\/wp-json\/wp\/v2\/media\/2861"}],"wp:attachment":[{"href":"https:\/\/folhadopirajucara.com.br\/index.php\/wp-json\/wp\/v2\/media?parent=2860"}],"wp:term":[{"taxonomy":"category","embeddable":true,"href":"https:\/\/folhadopirajucara.com.br\/index.php\/wp-json\/wp\/v2\/categories?post=2860"},{"taxonomy":"post_tag","embeddable":true,"href":"https:\/\/folhadopirajucara.com.br\/index.php\/wp-json\/wp\/v2\/tags?post=2860"}],"curies":[{"name":"wp","href":"https:\/\/api.w.org\/{rel}","templated":true}]}}