{"id":2874,"date":"2020-06-18T19:43:21","date_gmt":"2020-06-18T22:43:21","guid":{"rendered":"http:\/\/folhadopirajucara.com.br\/?p=2874"},"modified":"2020-06-18T19:43:21","modified_gmt":"2020-06-18T22:43:21","slug":"nice-santos-alerta-dos-perigos-e-cuidados-com-queimaduras","status":"publish","type":"post","link":"https:\/\/folhadopirajucara.com.br\/index.php\/2020\/06\/18\/nice-santos-alerta-dos-perigos-e-cuidados-com-queimaduras\/","title":{"rendered":"Nice Santos alerta dos perigos e cuidados com queimaduras"},"content":{"rendered":"<p>Nice Santos, uma das lideran\u00e7as comunit\u00e1rias ligadas a Sa\u00fade de Tabo\u00e3o da Serra, sensibilizada com o problema do COVID 19, da quarentena e de casos que ocorrem nesse per\u00edodo do ano, por conta de queimaduras, chama a aten\u00e7\u00e3o para os devidos cuidados.<\/p>\n<p>\u201cMuitas pessoas, as vezes sem dinheiro para a compra do botij\u00e3o de g\u00e1s, acabam se utilizando das famosas espiriteiras. Assim, por descuidos, muitas pessoas acabam se queimando e se colocando em risco de contrair uma infec\u00e7\u00e3o hospitalar, ao ser atendida nesses tempos de pandemia\u201d, disse preocupada.<\/p>\n<p>Ela lembra ainda, que o m\u00eas de junho, devido \u00e0s festas juninas, aumentam o \u00edndice de pessoas que se queimam, seja por fogueiras ou por fogos. \u201cTem gente que mesmo no quintal de casa, entre fam\u00edlia, ainda tentam comemorar as Festas Juninas com pequenas fogueiras. Apesar de parecerem inofensivas, devemos tomar cuidado com nossas crian\u00e7as e idosos. Vale lembrar que at\u00e9 o \u00e1lcool em gel \u00e9 inflam\u00e1vel e tamb\u00e9m pode provocar queimaduras se n\u00e3o forem tomados certos cuidados\u201d disse Nice.<\/p>\n<p>&nbsp;<\/p>\n<p><strong>Procedimentos em casos de queimadura por subst\u00e2ncia inflam\u00e1vel (\u00e1lcool, gasolina, thinner):<\/strong><\/p>\n<p>&nbsp;<\/p>\n<ul>\n<li>Apague a chama com um pano limpo \u00famido (de prefer\u00eancia);<\/li>\n<li>Esfrie a les\u00e3o com \u00e1gua gelada ou corrente;<\/li>\n<li>Proteja a \u00e1rea queimada com um pano limpo;<\/li>\n<li>N\u00e3o alimente a v\u00edtima;<\/li>\n<li>Encaminhe imediatamente a v\u00edtima para o hospital.<\/li>\n<\/ul>\n","protected":false},"excerpt":{"rendered":"<p>Nice Santos, uma das lideran\u00e7as comunit\u00e1rias ligadas a Sa\u00fade de Tabo\u00e3o da Serra, sensibilizada com o problema do COVID 19,<\/p>\n","protected":false},"author":3,"featured_media":2681,"comment_status":"open","ping_status":"open","sticky":false,"template":"","format":"standard","meta":{"footnotes":""},"categories":[1,4,10],"tags":[],"class_list":["post-2874","post","type-post","status-publish","format-standard","has-post-thumbnail","hentry","category-destaque","category-noticias","category-taboao-da-serra"],"_links":{"self":[{"href":"https:\/\/folhadopirajucara.com.br\/index.php\/wp-json\/wp\/v2\/posts\/2874"}],"collection":[{"href":"https:\/\/folhadopirajucara.com.br\/index.php\/wp-json\/wp\/v2\/posts"}],"about":[{"href":"https:\/\/folhadopirajucara.com.br\/index.php\/wp-json\/wp\/v2\/types\/post"}],"author":[{"embeddable":true,"href":"https:\/\/folhadopirajucara.com.br\/index.php\/wp-json\/wp\/v2\/users\/3"}],"replies":[{"embeddable":true,"href":"https:\/\/folhadopirajucara.com.br\/index.php\/wp-json\/wp\/v2\/comments?post=2874"}],"version-history":[{"count":0,"href":"https:\/\/folhadopirajucara.com.br\/index.php\/wp-json\/wp\/v2\/posts\/2874\/revisions"}],"wp:featuredmedia":[{"embeddable":true,"href":"https:\/\/folhadopirajucara.com.br\/index.php\/wp-json\/wp\/v2\/media\/2681"}],"wp:attachment":[{"href":"https:\/\/folhadopirajucara.com.br\/index.php\/wp-json\/wp\/v2\/media?parent=2874"}],"wp:term":[{"taxonomy":"category","embeddable":true,"href":"https:\/\/folhadopirajucara.com.br\/index.php\/wp-json\/wp\/v2\/categories?post=2874"},{"taxonomy":"post_tag","embeddable":true,"href":"https:\/\/folhadopirajucara.com.br\/index.php\/wp-json\/wp\/v2\/tags?post=2874"}],"curies":[{"name":"wp","href":"https:\/\/api.w.org\/{rel}","templated":true}]}}