{"id":2903,"date":"2020-07-10T20:06:44","date_gmt":"2020-07-10T23:06:44","guid":{"rendered":"http:\/\/folhadopirajucara.com.br\/?p=2903"},"modified":"2020-07-10T20:06:44","modified_gmt":"2020-07-10T23:06:44","slug":"parceria-entre-cufa-e-prefeitura-beneficia-moradores-de-favelas-de-taboao-da-serra","status":"publish","type":"post","link":"https:\/\/folhadopirajucara.com.br\/index.php\/2020\/07\/10\/parceria-entre-cufa-e-prefeitura-beneficia-moradores-de-favelas-de-taboao-da-serra\/","title":{"rendered":"Parceria entre CUFA e Prefeitura beneficia moradores de favelas de Tabo\u00e3o da Serra"},"content":{"rendered":"<p>A pandemia do novo coronav\u00edrus gerou uma crise sem precedentes em todo o mundo: redu\u00e7\u00e3o nas jornadas de trabalho e sal\u00e1rios, desemprego e fome. Isso sem contar os aspectos relacionados \u00e0 sa\u00fade. A situa\u00e7\u00e3o fica ainda mais grave quando analisamos as finan\u00e7as das fam\u00edlias em situa\u00e7\u00e3o de vulnerabilidade social.<\/p>\n<p>Segundo pesquisa feita pelo Instituto Locomotiva\/Data Favela, 80% dos moradores de favelas do pa\u00eds tiveram a renda familiar reduzida durante a pandemia. Dos 3.321 entrevistados, 45% afirmou contar com menos da metade da renda familiar normal e 35% informou que perdeu toda a renda. A pesquisa ocorreu entre os dias 19 e 22 de junho de 2020 e ouviu moradores de 239 favelas de todo o Pa\u00eds.<\/p>\n<p>Pensando em minimizar os efeitos da crise do novo coronav\u00edrus, a Central \u00danica das Favelas de Tabo\u00e3o da Serra (CUFATabo\u00e3oSP) firmou uma parceria com a Secretaria Municipal de Assist\u00eancia Social e Cidadania que est\u00e1 beneficiando moradores de favelas de todo o munic\u00edpio, como as do Morro do Sab\u00e3o, Jardim Leme, Silvio Sampaio, Parque S\u00e3o Joaquim, Clementino, Jardim Iracema, S\u00e3o Judas, Vila Mafalda, Mituzi e Vila Iasi.<\/p>\n<p>A CUFATabo\u00e3oSP arrecada cestas b\u00e1sicas, kits de higiene, entre outros produtos e a Secretaria de Assist\u00eancia Social e Cidadania, por sua vez, fornece transporte e viabiliza a retirada e a entrega das doa\u00e7\u00f5es.\u00a0 \u201cA parceria n\u00e3o tinha hora melhor para vir, j\u00e1 que a pandemia gerou esse efeito domin\u00f3 em todo o planeta terra. A gente entende que \u00e9 um momento de dificuldade para todos. Ningu\u00e9m sabe o que fazer ou como resolver\u201d explica o coordenador geral da CUFATabo\u00e3oSP Marcos Rocha, mais conhecido como Nego Marcos. \u201cA \u00fanica certeza que a gente tem \u00e9 que t\u00eam pessoas perdendo o emprego, pessoas com fome e entende que nenhum governo em si s\u00f3 tem condi\u00e7\u00f5es de suprir tudo isso\u201d, completa.<\/p>\n<p>Em parceria com a Prefeitura, j\u00e1 foram distribu\u00eddas de mais de 100 toneladas de alimentos com a entrega de cestas b\u00e1sicas, mais de 10 mil kits de limpeza, 1 mil m\u00e1scaras de prote\u00e7\u00e3o facial lav\u00e1veis, 10 mil unidades de \u00e1lcool em gel, 15 mil unidades de \u00e1lcool higienizador. Tamb\u00e9m foram entregues 300 kg de salsichas, 300 cremes para cicatriz Cicatricure e 300 cremes redutor de pelos.<\/p>\n<p>Em a\u00e7\u00f5es especiais, foram doados 282 botij\u00f5es de g\u00e1s em parceria com a Supergasbr\u00e1s; 100 pares de sand\u00e1lias Havaianas via Ag\u00eancia Solano Trindade e 460 frangos para m\u00e3es da favela numa a\u00e7\u00e3o de Dia das M\u00e3es. Al\u00e9m disso, 74 m\u00e3es foram cadastradas no PicPay para receber aux\u00edlio no valor de R$ 120,00 por dois meses.<\/p>\n<p>\u201cFica muito evidente neste momento de crise a import\u00e2ncia do Terceiro Setor, como \u00e9 o caso da CUFA, que tem mostrado para n\u00f3s, Poder P\u00fablico, o quanto \u00e9 importante a parceria e sermos solid\u00e1rios. Em nome de toda a cidade e das pessoas que mais necessitam e que est\u00e3o sendo beneficiadas agrade\u00e7o a atua\u00e7\u00e3o da CUFA de Tabo\u00e3o da Serra. Continuem nesse prop\u00f3sito\u201d, afirmou o prefeito Fernando Fernandes.<\/p>\n<p>J\u00e1 a secret\u00e1ria de Assist\u00eancia Social e Cidadania, Arlete Silva, tamb\u00e9m agradeceu a CUFATabo\u00e3o pela parceria. \u201cAgrade\u00e7o imensamente a CUFATabo\u00e3o e ao prefeito Fernando Fernandes por sempre possibilitar o atendimento das fam\u00edlias em situa\u00e7\u00e3o de vulnerabilidade e, principalmente nesse momento que mais precisam\u201d, disse Arlete Silva.<\/p>\n<p><strong>CUFA<\/strong><\/p>\n<p>A Central \u00danica das Favelas (CUFA) existe h\u00e1 20 anos e est\u00e1 presente em 17 pa\u00edses, 22 estados brasileiros e em mais de 4 mil favelas s\u00f3 no estado de S\u00e3o Paulo. A CUFA \u00e9 uma organiza\u00e7\u00e3o que promove atividades nas \u00e1reas da educa\u00e7\u00e3o, lazer, esportes, cultura e cidadania e foi criada a partir da uni\u00e3o entre jovens de v\u00e1rias favelas, principalmente negros, que buscavam espa\u00e7os para expressarem suas atitudes, questionamentos ou simplesmente sua vontade de viver.<\/p>\n<p><strong>CUFATabo\u00e3oSP<\/strong><\/p>\n<p>A CUFATabo\u00e3o surge durante a pandemia do novo coronav\u00edrus, quando um leque de contatos de pessoas entendiam que esse grupo poderia ser um potencial \u201cbra\u00e7o\u201d da CUFA Brasil dentro do munic\u00edpio.<\/p>\n<p>Atualmente, por conta da pandemia do novo coronav\u00edrus, a atua\u00e7\u00e3o da CUFATabo\u00e3o tem sido amenizar ao m\u00e1ximo poss\u00edvel a fome, mas a equipe j\u00e1 pensa no p\u00f3s pandemia. \u201cTemos v\u00e1rios projetos p\u00f3s pandemia, que \u00e9 a retomada da economia, a gera\u00e7\u00e3o de renda dentro da favela, o empreendedorismo. Essas s\u00e3o algumas pautas que j\u00e1 est\u00e3o flutuando dentro da CUFA Brasil e a gente quer trazer isso dentro da cidade\u201d, afirma Nego Marcos.<\/p>\n<p>Al\u00e9m do coordenador geral Nego Marcos, a CUFATabo\u00e3o conta com o apoio de Jairo Benedito, que cuida da log\u00edstica; Ana Paula, que faz o atendimento emergencial; da advogada Dra. Fl\u00e1via Brito, respons\u00e1vel pela parte jur\u00eddica, cadastro e triagem; Jessica Santos, respons\u00e1vel pela produ\u00e7\u00e3o e montagem das cestas b\u00e1sicas; al\u00e9m da da assistente social Sueli Santos e Jaque Sousa da Comunica\u00e7\u00e3o.<\/p>\n<p>Para conhecer mais sobre o trabalho e atua\u00e7\u00e3o da CUFA e da CUFATabo\u00e3o, acesse <a href=\"http:\/\/www.cufa.org.br\/\">www.cufa.org.br<\/a> ou siga a organiza\u00e7\u00e3o nas redes sociais.<\/p>\n<p>Servi\u00e7o:<br \/>\n<a href=\"http:\/\/www.cufa.org.br\/\">www.cufa.org.br<\/a><br \/>\nFacebook CUFATabo\u00e3oSP: <a href=\"http:\/\/www.facebook.com\/Cufatabo\u00e3osp-106577454389792\/\">www.facebook.com\/Cufatabo\u00e3osp-106577454389792\/<\/a><br \/>\nFacebook CUFA Brasil &#8211; <a href=\"https:\/\/www.facebook.com\/cufabr\/\">https:\/\/www.facebook.com\/cufabr\/<\/a><br \/>\nInstagram: @cufataboaosp<\/p>\n<p>&nbsp;<\/p>\n<h6><strong>*por: Vera Sampaio \/\/\u00a0<\/strong>*credito foto:\u00a0<strong>RICARDO VAZ<\/strong><\/h6>\n","protected":false},"excerpt":{"rendered":"<p>A pandemia do novo coronav\u00edrus gerou uma crise sem precedentes em todo o mundo: redu\u00e7\u00e3o nas jornadas de trabalho e<\/p>\n","protected":false},"author":3,"featured_media":2904,"comment_status":"open","ping_status":"open","sticky":false,"template":"","format":"standard","meta":{"footnotes":""},"categories":[1,4,10],"tags":[],"class_list":["post-2903","post","type-post","status-publish","format-standard","has-post-thumbnail","hentry","category-destaque","category-noticias","category-taboao-da-serra"],"_links":{"self":[{"href":"https:\/\/folhadopirajucara.com.br\/index.php\/wp-json\/wp\/v2\/posts\/2903"}],"collection":[{"href":"https:\/\/folhadopirajucara.com.br\/index.php\/wp-json\/wp\/v2\/posts"}],"about":[{"href":"https:\/\/folhadopirajucara.com.br\/index.php\/wp-json\/wp\/v2\/types\/post"}],"author":[{"embeddable":true,"href":"https:\/\/folhadopirajucara.com.br\/index.php\/wp-json\/wp\/v2\/users\/3"}],"replies":[{"embeddable":true,"href":"https:\/\/folhadopirajucara.com.br\/index.php\/wp-json\/wp\/v2\/comments?post=2903"}],"version-history":[{"count":0,"href":"https:\/\/folhadopirajucara.com.br\/index.php\/wp-json\/wp\/v2\/posts\/2903\/revisions"}],"wp:featuredmedia":[{"embeddable":true,"href":"https:\/\/folhadopirajucara.com.br\/index.php\/wp-json\/wp\/v2\/media\/2904"}],"wp:attachment":[{"href":"https:\/\/folhadopirajucara.com.br\/index.php\/wp-json\/wp\/v2\/media?parent=2903"}],"wp:term":[{"taxonomy":"category","embeddable":true,"href":"https:\/\/folhadopirajucara.com.br\/index.php\/wp-json\/wp\/v2\/categories?post=2903"},{"taxonomy":"post_tag","embeddable":true,"href":"https:\/\/folhadopirajucara.com.br\/index.php\/wp-json\/wp\/v2\/tags?post=2903"}],"curies":[{"name":"wp","href":"https:\/\/api.w.org\/{rel}","templated":true}]}}