{"id":2906,"date":"2020-07-10T20:07:38","date_gmt":"2020-07-10T23:07:38","guid":{"rendered":"http:\/\/folhadopirajucara.com.br\/?p=2906"},"modified":"2020-07-10T20:07:38","modified_gmt":"2020-07-10T23:07:38","slug":"operacao-inverno-2020-acolhendo-quem-mais-necessita-em-embu-das-artes","status":"publish","type":"post","link":"https:\/\/folhadopirajucara.com.br\/index.php\/2020\/07\/10\/operacao-inverno-2020-acolhendo-quem-mais-necessita-em-embu-das-artes\/","title":{"rendered":"Opera\u00e7\u00e3o Inverno 2020: Acolhendo quem mais necessita em Embu das Artes"},"content":{"rendered":"<p>Desde o in\u00edcio do inverno, a Prefeitura de Embu das Artes, por meio da Secretaria de Desenvolvimento Social, vem realizando mais uma Opera\u00e7\u00e3o Inverno, a\u00e7\u00e3o de atendimento e acolhimento de pessoas em situa\u00e7\u00e3o de rua, de modo que possam se abrigar e se proteger dos riscos provocados pelas baixas temperaturas.<br \/>\nA Opera\u00e7\u00e3o Inverno envolve a\u00e7\u00f5es como a amplia\u00e7\u00e3o das abordagens \u00e0s pessoas em situa\u00e7\u00e3o de rua, por meio do SEAS &#8211; Servi\u00e7o Especializado em Abordagem Social, sempre que a temperatura do clima prevista for inferior a 13\u00ba, cuja exposi\u00e7\u00e3o por tempo prolongado pode levar \u00e0 hipotermia, com foco em conduzir esse p\u00fablico ao Centro Pop &#8211; Centro de Refer\u00eancia Especializado para Popula\u00e7\u00e3o em Situa\u00e7\u00e3o de Rua, para avalia\u00e7\u00e3o e atendimento e, quando necess\u00e1rio, encaminh\u00e1-las ao Abrigo Institucional para receber higiene, alimenta\u00e7\u00e3o e pernoite.<br \/>\nEsse acolhimento n\u00e3o \u00e9 imposto e depende da aceita\u00e7\u00e3o da pessoa abordada. Os que recusam os servi\u00e7os ofertados s\u00e3o orientados quanto ao risco de hipotermia, de modo que possam reconhecer os sintomas e identificar o momento de solicitar aux\u00edlio m\u00e9dico. H\u00e1 situa\u00e7\u00f5es em que \u00e9 ofertado cobertor e outros meios para evitar maior preju\u00edzo com as baixas temperaturas.<br \/>\nDurante as abordagens, tamb\u00e9m \u00e9 verificada a temperatura corporal da pessoa e outros sintomas e o atendimento por servi\u00e7os de sa\u00fade no local pode ser solicitado.[<br \/>\nOs sintomas de infec\u00e7\u00e3o das pessoas s\u00e3o continuamente verificados e monitorados por ocasi\u00e3o do acesso e perman\u00eancia que t\u00eam ao Centro Pop e Abrigo Institucional. E, se necess\u00e1rio, elas s\u00e3o encaminhas aos servi\u00e7os de sa\u00fade.<br \/>\nA equipe t\u00e9cnica do Centro Pop tem redobrado esfor\u00e7os no sentido de localizar e reintegrar \u00e0 fam\u00edlia, no menor tempo poss\u00edvel, as pessoas que eventualmente estejam em situa\u00e7\u00e3o de rua por estarem perdidas, ou por qualquer motivo, e longe de seus munic\u00edpios de moradia.<br \/>\nOutras implementa\u00e7\u00f5es est\u00e3o em andamento e em breve estar\u00e3o dispon\u00edveis, como a amplia\u00e7\u00e3o do Abrigo Institucional e uma parceria p\u00fablico-privada que prev\u00ea o acolhimento emergencial das pessoas em situa\u00e7\u00e3o de rua em regime de quarentena, antes que sejam direcionadas ao Abrigo Institucional, aumentando a seguran\u00e7a e eliminando qualquer risco de cont\u00e1gio por covid-19 dentro do equipamento p\u00fablico.<br \/>\nAbordagens \u00e0s pessoas em situa\u00e7\u00e3o de rua podem ser solicitadas nos seguintes telefones: 4781-5896 (CREAS) ou 4203-4366 (Centro POP).<br \/>\nEm casos em que a pessoa para quem ser\u00e1 solicitado o atendimento j\u00e1 apresente sinais de complica\u00e7\u00f5es de sa\u00fade ou crise psiqui\u00e1trica, o acionamento deve ser feito pelo SAMU &#8211; Servi\u00e7o de Atendimento M\u00f3vel de Urg\u00eancia, que \u00e9 o meio mais adequado.<\/p>\n<p>Servi\u00e7o<\/p>\n<p>Centro POP &#8211; Centro de Refer\u00eancia Especializado para Popula\u00e7\u00e3o em Situa\u00e7\u00e3o de Rua<br \/>\nAv. Escoamento, 607, Jardim Magali, Embu das Artes<br \/>\nTel. (11) 4203 4366<br \/>\nE-mail: centropop.albergue@embudasartes.sp.gov.br<\/p>\n","protected":false},"excerpt":{"rendered":"<p>Desde o in\u00edcio do inverno, a Prefeitura de Embu das Artes, por meio da Secretaria de Desenvolvimento Social, vem realizando<\/p>\n","protected":false},"author":3,"featured_media":2907,"comment_status":"open","ping_status":"open","sticky":false,"template":"","format":"standard","meta":{"footnotes":""},"categories":[1,15,4],"tags":[],"class_list":["post-2906","post","type-post","status-publish","format-standard","has-post-thumbnail","hentry","category-destaque","category-embu-das-artes","category-noticias"],"_links":{"self":[{"href":"https:\/\/folhadopirajucara.com.br\/index.php\/wp-json\/wp\/v2\/posts\/2906"}],"collection":[{"href":"https:\/\/folhadopirajucara.com.br\/index.php\/wp-json\/wp\/v2\/posts"}],"about":[{"href":"https:\/\/folhadopirajucara.com.br\/index.php\/wp-json\/wp\/v2\/types\/post"}],"author":[{"embeddable":true,"href":"https:\/\/folhadopirajucara.com.br\/index.php\/wp-json\/wp\/v2\/users\/3"}],"replies":[{"embeddable":true,"href":"https:\/\/folhadopirajucara.com.br\/index.php\/wp-json\/wp\/v2\/comments?post=2906"}],"version-history":[{"count":0,"href":"https:\/\/folhadopirajucara.com.br\/index.php\/wp-json\/wp\/v2\/posts\/2906\/revisions"}],"wp:featuredmedia":[{"embeddable":true,"href":"https:\/\/folhadopirajucara.com.br\/index.php\/wp-json\/wp\/v2\/media\/2907"}],"wp:attachment":[{"href":"https:\/\/folhadopirajucara.com.br\/index.php\/wp-json\/wp\/v2\/media?parent=2906"}],"wp:term":[{"taxonomy":"category","embeddable":true,"href":"https:\/\/folhadopirajucara.com.br\/index.php\/wp-json\/wp\/v2\/categories?post=2906"},{"taxonomy":"post_tag","embeddable":true,"href":"https:\/\/folhadopirajucara.com.br\/index.php\/wp-json\/wp\/v2\/tags?post=2906"}],"curies":[{"name":"wp","href":"https:\/\/api.w.org\/{rel}","templated":true}]}}