{"id":2912,"date":"2020-07-10T20:09:52","date_gmt":"2020-07-10T23:09:52","guid":{"rendered":"http:\/\/folhadopirajucara.com.br\/?p=2912"},"modified":"2020-07-10T20:09:52","modified_gmt":"2020-07-10T23:09:52","slug":"ney-fecha-centro-da-covid-no-pq-rizzo-alvo-de-negligencia-e-superpreco","status":"publish","type":"post","link":"https:\/\/folhadopirajucara.com.br\/index.php\/2020\/07\/10\/ney-fecha-centro-da-covid-no-pq-rizzo-alvo-de-negligencia-e-superpreco\/","title":{"rendered":"Ney fecha Centro da Covid no Pq. Rizzo, alvo de neglig\u00eancia e superpre\u00e7o"},"content":{"rendered":"<p>O governo Ney Santos (Republicanos) desativou o hospital de campanha contra covid-19 no \/07parque Francisco Rizzo (centro) nesta sexta-feira 10), ap\u00f3s tr\u00eas meses e meio de opera\u00e7\u00e3o, mais de 100 dias. Ap\u00f3s ocultar n\u00famero de doentes assistidos ao longo do funcionamento, a gest\u00e3o divulgou balan\u00e7o de atendimento com o fechamento. A tenda hospitalar ficou marcada por protesto de fam\u00edlia por morte de paciente e den\u00fancia de superfaturamento.<br \/>\nO governo diz que o fechamento se deve \u00e0 \u201credu\u00e7\u00e3o do n\u00famero de casos no munic\u00edpio e o avan\u00e7o de pacientes curados\u201d. \u201cAo todo, foram atendidas no centro m\u00e9dico de combate ao coronav\u00edrus mais de 4 mil pessoas, sendo que Embu das Artes tem 646 pessoas curadas at\u00e9 8 de julho\u201d, diz. Por\u00e9m, os casos e mortes s\u00f3 aumentam. Ney chama a unidade de primeiro hospital de campanha do Brasil, mas foi aberto antes o de Itapevi (Grande SP).<br \/>\nO governo diz que quase cem pacientes morreram e cerca de 500 se recuperaram. \u201cDesde sua inaugura\u00e7\u00e3o, em 23 de mar\u00e7o, at\u00e9 a data de hoje, foram atendidas 4.106 pessoas, sendo que 630 ficaram internadas, 103 foram transferidas para UTI, 98 foram a \u00f3bito e 478 tiveram alta, representando taxa de cura de pacientes internados de 76%. A taxa de letalidade do hospital, levando-se em conta todos os pacientes atendidos, foi de 1,19%\u201d, lista.<br \/>\nDesde 23 de mar\u00e7o, o governo afirma que tomou medidas para prevenir o cont\u00e1gio de milhares de pessoas, preservar vidas e n\u00e3o sobrecarregar o sistema p\u00fablico de sa\u00fade com o excesso de pacientes nas UBSs, o que prejudicaria o atendimento m\u00e9dico a diferentes casos no munic\u00edpio. Al\u00e9m disso, diz, concentrar os atendimentos \u00e0 pacientes com suspeita da covid-19 apenas nos hospitais de campanha reduziria o cont\u00e1gio da doen\u00e7a.<br \/>\nO centro m\u00e9dico foi aberto com 40 leitos e dez consult\u00f3rios. \u201cCom certeza, ele deixou um importante legado \u00e0 sa\u00fade de Embu das Artes. Al\u00e9m do pioneirismo, foi um local que salvou muitas vidas. Claro que lamentamos as pessoas que foram a \u00f3bito e somos solid\u00e1rios aos familiares que ainda sofrem com as perdas dos entes queridos\u201d, disse Ney. Frisou que n\u00e3o hesitou em abrir a unidade quando \u201co mundo ainda estava atordoado\u201d com a pandemia.<br \/>\nNo entanto, o centro m\u00e9dico ficou manchado. A faxineira Madalena dos Santos, de 39 anos, morreu de covid-19 em 3 de abril depois de a unidade dizer que o que tinha \u201cest\u00e1 longe de ser o coronav\u00edrus\u201d e a mandar para casa. A moradora chegou a ficar dois dias em observa\u00e7\u00e3o no local, mas recebeu como diagn\u00f3stico que a doen\u00e7a estava descartada apesar de ter falta de ar durante o simples ato de falar. \u201cO centro \u00e9 uma farsa\u201d, denuncia o cunhado.<br \/>\nTamb\u00e9m em abril, o morador Jo\u00e3o Paix\u00e3o revelou, com dados oficiais, que Ney gastou R$ 1.950.000,00 para montar a tenda-hospital e mais R$ 10.799.717,04 para p\u00f4r a mesma empresa que gerencia os pronto-socorros municipais \u2013 AMG \u2013 para fazer o atendimento, no total de R$ 12.749.717,04, por apenas tr\u00eas meses de funcionamento \u2013 prazo que agora finda, da\u00ed a desativa\u00e7\u00e3o. \u201cPrefeito Ney Santos superfatura obra do hospital de campanha\u201d, denunciou.<br \/>\nO governo, sob justificativa da necessidade de amplia\u00e7\u00e3o da oferta de leitos, transformou em 18 de maio o hospital leito no Jardim Vazame no segundo hospital de campanha contra covid-19 de Embu. Com o fechamento da tenda no parque Rizzo, a unidade passa a ser refer\u00eancia de atendimento aos pacientes com a doen\u00e7a. Oferece 45 leitos, sendo cinco de UTI e cinco de semi, e tomografia computadorizada 3D, que auxilia no diagn\u00f3stico do coronav\u00edrus.<br \/>\nSegundo a gest\u00e3o, o hospital no Vazame pode atender com mais 23 leitos, caso ocorra um aumento de interna\u00e7\u00f5es \u2013 Embu est\u00e1 na fase amarela do plano de flexibiliza\u00e7\u00e3o da quarentena, que concede a reabertura da maioria dos com\u00e9rcios e servi\u00e7os, prop\u00edcia a maior cont\u00e1gio. No local onde foi montado o centro no parque Rizzo, o governo diz que erguer\u00e1 um monumento com o nome de cada um dos pacientes que faleceram na unidade, em homenagem.<\/p>\n<p>SERVI\u00c7O<\/p>\n<p>Centro M\u00e9dico Embuense de Combate ao Coronav\u00edrus \u2013 Unidade Vazame<br \/>\nRua S\u00e3o Lucas, 92, Jardim Vazame, Embu das Artes<\/p>\n<h6>*por: R\u00f4mulo Ferreira \/\/ Verbo Online<\/h6>\n","protected":false},"excerpt":{"rendered":"<p>O governo Ney Santos (Republicanos) desativou o hospital de campanha contra covid-19 no \/07parque Francisco Rizzo (centro) nesta sexta-feira 10),<\/p>\n","protected":false},"author":3,"featured_media":2913,"comment_status":"open","ping_status":"open","sticky":false,"template":"","format":"standard","meta":{"footnotes":""},"categories":[1,15,4],"tags":[],"class_list":["post-2912","post","type-post","status-publish","format-standard","has-post-thumbnail","hentry","category-destaque","category-embu-das-artes","category-noticias"],"_links":{"self":[{"href":"https:\/\/folhadopirajucara.com.br\/index.php\/wp-json\/wp\/v2\/posts\/2912"}],"collection":[{"href":"https:\/\/folhadopirajucara.com.br\/index.php\/wp-json\/wp\/v2\/posts"}],"about":[{"href":"https:\/\/folhadopirajucara.com.br\/index.php\/wp-json\/wp\/v2\/types\/post"}],"author":[{"embeddable":true,"href":"https:\/\/folhadopirajucara.com.br\/index.php\/wp-json\/wp\/v2\/users\/3"}],"replies":[{"embeddable":true,"href":"https:\/\/folhadopirajucara.com.br\/index.php\/wp-json\/wp\/v2\/comments?post=2912"}],"version-history":[{"count":0,"href":"https:\/\/folhadopirajucara.com.br\/index.php\/wp-json\/wp\/v2\/posts\/2912\/revisions"}],"wp:featuredmedia":[{"embeddable":true,"href":"https:\/\/folhadopirajucara.com.br\/index.php\/wp-json\/wp\/v2\/media\/2913"}],"wp:attachment":[{"href":"https:\/\/folhadopirajucara.com.br\/index.php\/wp-json\/wp\/v2\/media?parent=2912"}],"wp:term":[{"taxonomy":"category","embeddable":true,"href":"https:\/\/folhadopirajucara.com.br\/index.php\/wp-json\/wp\/v2\/categories?post=2912"},{"taxonomy":"post_tag","embeddable":true,"href":"https:\/\/folhadopirajucara.com.br\/index.php\/wp-json\/wp\/v2\/tags?post=2912"}],"curies":[{"name":"wp","href":"https:\/\/api.w.org\/{rel}","templated":true}]}}