{"id":3024,"date":"2020-08-27T20:15:28","date_gmt":"2020-08-27T23:15:28","guid":{"rendered":"http:\/\/folhadopirajucara.com.br\/?p=3024"},"modified":"2020-08-27T20:15:28","modified_gmt":"2020-08-27T23:15:28","slug":"capitao-lener-10-anos-depois-deseja-ser-prefeito-de-sao-lourenco-da-serra","status":"publish","type":"post","link":"https:\/\/folhadopirajucara.com.br\/index.php\/2020\/08\/27\/capitao-lener-10-anos-depois-deseja-ser-prefeito-de-sao-lourenco-da-serra\/","title":{"rendered":"Capit\u00e3o Lener, 10 anos depois, deseja ser prefeito de S\u00e3o Louren\u00e7o da Serra"},"content":{"rendered":"<p>H\u00e1 10 anos atr\u00e1s, Capit\u00e3o Lener, ex-prefeito de S\u00e3o Louren\u00e7o, pressionado pelo Minist\u00e9rio P\u00fablico, por esc\u00e2ndalo eleitoral e na C\u00e2mara Municipal por denuncias de corrup\u00e7\u00e3o e super faturamento, ele renunciou ao cargo.<\/p>\n<p>Embora ele tenha tido suas contas rejeitadas de 2009 e 2010, tanto pelo Tribunal de Contas do Estado de SP, como pela C\u00e2mara Municipal, e, sabendo das dificuldades que ter\u00e1 para registrar sua candidatura, ele tenta desconstruir a imagem de pol\u00edtico corrupto que muitos atribuem a ele.<\/p>\n<p>&nbsp;<\/p>\n<p style=\"text-align: center;\"><strong>Campanha eleitoral hoje, esc\u00e2ndalo de corrup\u00e7\u00e3o amanh\u00e3<\/strong><\/p>\n<p>&nbsp;<\/p>\n<p>Distantes dos grandes centros \u2014 e tamb\u00e9m da fiscaliza\u00e7\u00e3o da imprensa independente e dos \u00f3rg\u00e3os de controle \u2013, milhares de candidatos Brasil fora fecharam nos \u00faltimos meses e semanas os acordos pol\u00edticos, financeiros e log\u00edsticos que poder\u00e3o lev\u00e1-los \u00e0 vit\u00f3ria. Mas, uma vez eleitos, chegar\u00e1 a fatura. Ela ser\u00e1 paga, como sempre, pelos cidad\u00e3os. Muitos pol\u00edticos est\u00e3o, desde j\u00e1, com o rabo preso.<\/p>\n<p>A dois meses das elei\u00e7\u00f5es, vejamos como funciona as engrenagens desse mecanismo que movimenta a robusta m\u00e1quina da corrup\u00e7\u00e3o no pa\u00eds. Os tr\u00eas principais caminhos que levam aos esc\u00e2ndalos constam no caso abaixo. Em comum, h\u00e1 sempre algu\u00e9m que oferece vantagens ao candidato para no futuro obter benef\u00edcios, muitas vezes ilegais, dos eleitos.<\/p>\n<p>A teoria encontra amplo respaldo na realidade.<\/p>\n<p>&nbsp;<\/p>\n<p style=\"text-align: center;\"><strong>Caso Milico<\/strong><\/p>\n<p>&nbsp;<\/p>\n<p>Tome-se o exemplo de S\u00e3o Louren\u00e7o da Serra com 11.000 eleitores e or\u00e7amento anual de 28 milh\u00f5es de reais. Nas elei\u00e7\u00f5es de 12 anos atr\u00e1s, o empres\u00e1rio Ant\u00f4nio Carlos Soares, popular Milico, dono de uma empresa de equipamentos de som, fez o servi\u00e7o de \u00e1udio da campanha de Lener do Nascimento Ribeiro (DEM). Coisas simples, como alto-falantes em carros de som e microfones em com\u00edcios. O pagamento veio depois da vit\u00f3ria do candidato. Em janeiro de 2009, Milico ganhou um cargo na prefeitura, com sal\u00e1rio de 1 200 reais. Em depoimento \u00e0 pol\u00edcia, o empres\u00e1rio confirmou que obteve o cargo em troca da ajuda na campanha. A prefeitura continuou contratando seus servi\u00e7os para eventos. Milico recebeu cerca de 13 000 reais, emitindo notas fiscais frias. O falat\u00f3rio na cidade levou o Minist\u00e9rio P\u00fablico a fazer investiga\u00e7\u00f5es. Milico foi exonerado e Lener renunciou \u00e0 prefeitura em 2010.<\/p>\n<p>&nbsp;<\/p>\n<p style=\"text-align: center;\"><strong>Efeito da renuncia<\/strong><\/p>\n<p>&nbsp;<\/p>\n<p>A ren\u00fancia do prefeito de S\u00e3o Louren\u00e7o da Serra, capit\u00e3o Lener Nascimento, em 25\/11\/2010, pegou os vereadores da cidade de surpresa. Na \u00e9poca de acordo com o vereador Andr\u00e9 Desp\u00e9zio o fato foi informado \u00e0 C\u00e2mara Municipal por meio de of\u00edcio em 26\/10\/2010.<br \/>\nMesmo integrando a base de oposi\u00e7\u00e3o ao ex-prefeito Andr\u00e9 Desp\u00e9zio disse que os vereadores n\u00e3o esperavam essa atitude do capit\u00e3o.<br \/>\n&#8220;Ningu\u00e9m esperava isso. Todos n\u00f3s fomos pegos de surpresa. N\u00e3o era isso que ningu\u00e9m queria&#8221;, contou.<br \/>\nO of\u00edcio de ren\u00fancia foi lido em plen\u00e1rio e provocou perplexidade entre os integrantes do Legislativo local.<br \/>\nNaquele per\u00edodo a administra\u00e7\u00e3o do prefeito estava comprometida pelo desgaste com a C\u00e2mara, devido as den\u00fancias de superfaturamentos na Merenda Escolar, no Transporte Coletivo e irregularidades no transporte Escolar.<\/p>\n<p>&nbsp;<\/p>\n<p style=\"text-align: center;\"><strong>Chutando o balde<\/strong><\/p>\n<p>&nbsp;<\/p>\n<p style=\"text-align: left;\">Em sua carta ren\u00fancia, capit\u00e3o Lener chamou de morta todos os bra\u00e7os da Justi\u00e7a. Segundo ele, sobre seus opositores, ele disse que s\u00e3o: \u201csanguin\u00e1ria quadrilha, a qual inclusive evidencia contar com o benepl\u00e1cito da Justi\u00e7a brasileira, a\u00ed compreendidos o Judici\u00e1rio, o Minist\u00e9rio P\u00fablico, o Tribunal de Contas do Estado e da Uni\u00e3o, a Pol\u00edcia Judici\u00e1ria Estadual e Federal, dentre outros\u201d.<\/p>\n<p style=\"text-align: left;\">Ainda em sua carta Lener chama de corrupta a Administra\u00e7\u00e3o anterior a sua, ou seja, a do ex-prefeito Jos\u00e9 Merli.<\/p>\n<p style=\"text-align: left;\">Vale lembrar que, em 2004, Jos\u00e9 Merli era chefe de gabinete e o vice-prefeito era Antonio Carlos Polaco. Na \u00faltima hora eleitoral, Lener traiu Polaco, que deveria ser seu sucessor natural, e lan\u00e7ou Merli como seu sucessor e, com seu apoio, acabou elegendo-o prefeito no per\u00edodo de 2005\/08.<\/p>\n<p style=\"text-align: center;\">\n<p><strong>De prefeito a ouvidor<\/strong><\/p>\n<p>&nbsp;<\/p>\n<p>Em 01\/12\/2011 Lener foi nomeado pelo ent\u00e3o prefeito de Tabo\u00e3o da Serra Evil\u00e1sio Farias, como ouvidor municipal. Na \u00e9poca, ele tamb\u00e9m foi cotado para estar \u00e0 frente da Secret\u00e1ria de Seguran\u00e7a P\u00fablica, por\u00e9m foi empossado como Secret\u00e1rio Coronel Silas Santana como titular da pasta.<\/p>\n","protected":false},"excerpt":{"rendered":"<p>H\u00e1 10 anos atr\u00e1s, Capit\u00e3o Lener, ex-prefeito de S\u00e3o Louren\u00e7o, pressionado pelo Minist\u00e9rio P\u00fablico, por esc\u00e2ndalo eleitoral e na C\u00e2mara<\/p>\n","protected":false},"author":3,"featured_media":3025,"comment_status":"open","ping_status":"open","sticky":false,"template":"","format":"standard","meta":{"footnotes":""},"categories":[1,4,8],"tags":[],"class_list":["post-3024","post","type-post","status-publish","format-standard","has-post-thumbnail","hentry","category-destaque","category-noticias","category-sao-lourenco"],"_links":{"self":[{"href":"https:\/\/folhadopirajucara.com.br\/index.php\/wp-json\/wp\/v2\/posts\/3024"}],"collection":[{"href":"https:\/\/folhadopirajucara.com.br\/index.php\/wp-json\/wp\/v2\/posts"}],"about":[{"href":"https:\/\/folhadopirajucara.com.br\/index.php\/wp-json\/wp\/v2\/types\/post"}],"author":[{"embeddable":true,"href":"https:\/\/folhadopirajucara.com.br\/index.php\/wp-json\/wp\/v2\/users\/3"}],"replies":[{"embeddable":true,"href":"https:\/\/folhadopirajucara.com.br\/index.php\/wp-json\/wp\/v2\/comments?post=3024"}],"version-history":[{"count":0,"href":"https:\/\/folhadopirajucara.com.br\/index.php\/wp-json\/wp\/v2\/posts\/3024\/revisions"}],"wp:featuredmedia":[{"embeddable":true,"href":"https:\/\/folhadopirajucara.com.br\/index.php\/wp-json\/wp\/v2\/media\/3025"}],"wp:attachment":[{"href":"https:\/\/folhadopirajucara.com.br\/index.php\/wp-json\/wp\/v2\/media?parent=3024"}],"wp:term":[{"taxonomy":"category","embeddable":true,"href":"https:\/\/folhadopirajucara.com.br\/index.php\/wp-json\/wp\/v2\/categories?post=3024"},{"taxonomy":"post_tag","embeddable":true,"href":"https:\/\/folhadopirajucara.com.br\/index.php\/wp-json\/wp\/v2\/tags?post=3024"}],"curies":[{"name":"wp","href":"https:\/\/api.w.org\/{rel}","templated":true}]}}