{"id":3035,"date":"2020-09-03T21:05:04","date_gmt":"2020-09-04T00:05:04","guid":{"rendered":"http:\/\/folhadopirajucara.com.br\/?p=3035"},"modified":"2020-09-03T21:05:04","modified_gmt":"2020-09-04T00:05:04","slug":"prefeitura-de-itapecerica-da-serra-e-intimada-por-juiz-em-caso-de-loteamento-ilegal","status":"publish","type":"post","link":"https:\/\/folhadopirajucara.com.br\/index.php\/2020\/09\/03\/prefeitura-de-itapecerica-da-serra-e-intimada-por-juiz-em-caso-de-loteamento-ilegal\/","title":{"rendered":"Prefeitura de Itapecerica da Serra \u00e9 intimada por Juiz em caso de loteamento ilegal"},"content":{"rendered":"<p><img loading=\"lazy\" decoding=\"async\" class=\"size-medium wp-image-3036 alignleft\" src=\"https:\/\/folhadopirajucara.com.br\/wp-content\/uploads\/2020\/09\/ABELH\u00c3O-300x209.jpg\" alt=\"\" width=\"300\" height=\"209\" srcset=\"https:\/\/folhadopirajucara.com.br\/wp-content\/uploads\/2020\/09\/ABELH\u00c3O-300x209.jpg 300w, https:\/\/folhadopirajucara.com.br\/wp-content\/uploads\/2020\/09\/ABELH\u00c3O-392x272.jpg 392w, https:\/\/folhadopirajucara.com.br\/wp-content\/uploads\/2020\/09\/ABELH\u00c3O-130x90.jpg 130w, https:\/\/folhadopirajucara.com.br\/wp-content\/uploads\/2020\/09\/ABELH\u00c3O.jpg 650w\" sizes=\"(max-width: 300px) 100vw, 300px\" \/>O atual Prefeito de Itapecerica da Serra, Jorge Jos\u00e9 da Costa, recebeu intima\u00e7\u00e3o para esclarecer \u00e0 justi\u00e7a se tomou ci\u00eancia dos desmatamentos e queimadas para loteamento ilegal que ocorrem em \u00c1rea de Preserva\u00e7\u00e3o Permanente, no Parque Yara Cecy, referente \u00e0 A\u00e7\u00e3o Civil P\u00fablica de autoria do movimento ambiental Preservar Itapecerica da Serra. O Juiz quer saber se o prefeito tomou conhecimento da situa\u00e7\u00e3o, uma vez que foram enviados reiterados of\u00edcios \u00e0 Prefeitura, sobre as decis\u00f5es judiciais, sem que fosse tomada qualquer provid\u00eancia. A A\u00e7\u00e3o determina o embargo da \u00e1rea, a imediata apresenta\u00e7\u00e3o do plano de manejo para a recupera\u00e7\u00e3o do local e o plano de demoli\u00e7\u00e3o dos im\u00f3veis constru\u00eddos ilegalmente, sob pena de multa di\u00e1ria de R$ 100 mil reais pelo n\u00e3o cumprimento das decis\u00f5es.<br \/>\nO caso est\u00e1 na justi\u00e7a desde maio de 2020, quando come\u00e7aram os desmatamentos. O local \u00e9 considerado por lei uma \u00c1rea de Preserva\u00e7\u00e3o Permanente, pois est\u00e1 \u00e0s margens de um manancial, o Rio Negro, mais conhecido como Rio Pret\u00e3o. Essas \u00e1reas de matas s\u00e3o protegidas por lei, pois delas dependem a sa\u00fade de rios, c\u00f3rregos e lagos. Com o desmatamento, ocorre o assoreamento do corpo d\u2019\u00e1gua. Sem as \u00e1rvores e arbustos e suas ra\u00edzes, as margens desbarrancam, caindo para dentro do rio, diminuindo seu leito, o que ocasiona enchentes, mortandade de peixes e morte do pr\u00f3prio rio. Mas o desmatamento e as queimadas seguiram, principalmente nestes meses de seca, assim como a instala\u00e7\u00e3o de pontaletes que demarcam os lotes e constru\u00e7\u00f5es. A \u00e1rea tem grande biodiversidade, com a presen\u00e7a de animais silvestres, como o bicho-pregui\u00e7a fotografado em maio de 2020, em meio a uma das queimadas mais intensas, quando tentava fugir das chamas.<br \/>\nO que mais chama a aten\u00e7\u00e3o \u00e9 que tanto o desmatamento quanto as queimadas ocorrem ao lado da casa do Secret\u00e1rio do Meio Ambiente de Itapecerica da Serra, o Condom\u00ednio Delfim Verde, que foi tomado diversas vezes por intensa fuma\u00e7a, em preju\u00edzo da sa\u00fade dos moradores do condom\u00ednio e do entorno do Jardim S\u00e3o Marcos, em plena pandemia, sem que o Secret\u00e1rio sequer tenha chamado os bombeiros. J\u00e1 foram feitas v\u00e1rias den\u00fancias junto \u00e0 Prefeitura sem que se tomasse qualquer provid\u00eancia.<br \/>\nA popula\u00e7\u00e3o e os ambientalistas esperam que a solu\u00e7\u00e3o desse caso seja exemplar, pois Itapecerica da Serra est\u00e1 sendo devastada por esses crimes ambientais que envolvem loteamentos ilegais, a popula\u00e7\u00e3o est\u00e1 aterrorizada e \u00e9 preciso fazer valer as leis ambientais. Esse \u00e9 o cen\u00e1rio posto por essa administra\u00e7\u00e3o, que parece nunca ter tido o m\u00ednimo de aten\u00e7\u00e3o \u00e0s quest\u00f5es ambientais, t\u00e3o necess\u00e1rias e urgentes na cidade.<\/p>\n","protected":false},"excerpt":{"rendered":"<p>O atual Prefeito de Itapecerica da Serra, Jorge Jos\u00e9 da Costa, recebeu intima\u00e7\u00e3o para esclarecer \u00e0 justi\u00e7a se tomou ci\u00eancia<\/p>\n","protected":false},"author":3,"featured_media":3037,"comment_status":"open","ping_status":"open","sticky":false,"template":"","format":"standard","meta":{"footnotes":""},"categories":[1,16,4],"tags":[],"class_list":["post-3035","post","type-post","status-publish","format-standard","has-post-thumbnail","hentry","category-destaque","category-itapecerica-da-serra","category-noticias"],"_links":{"self":[{"href":"https:\/\/folhadopirajucara.com.br\/index.php\/wp-json\/wp\/v2\/posts\/3035"}],"collection":[{"href":"https:\/\/folhadopirajucara.com.br\/index.php\/wp-json\/wp\/v2\/posts"}],"about":[{"href":"https:\/\/folhadopirajucara.com.br\/index.php\/wp-json\/wp\/v2\/types\/post"}],"author":[{"embeddable":true,"href":"https:\/\/folhadopirajucara.com.br\/index.php\/wp-json\/wp\/v2\/users\/3"}],"replies":[{"embeddable":true,"href":"https:\/\/folhadopirajucara.com.br\/index.php\/wp-json\/wp\/v2\/comments?post=3035"}],"version-history":[{"count":0,"href":"https:\/\/folhadopirajucara.com.br\/index.php\/wp-json\/wp\/v2\/posts\/3035\/revisions"}],"wp:featuredmedia":[{"embeddable":true,"href":"https:\/\/folhadopirajucara.com.br\/index.php\/wp-json\/wp\/v2\/media\/3037"}],"wp:attachment":[{"href":"https:\/\/folhadopirajucara.com.br\/index.php\/wp-json\/wp\/v2\/media?parent=3035"}],"wp:term":[{"taxonomy":"category","embeddable":true,"href":"https:\/\/folhadopirajucara.com.br\/index.php\/wp-json\/wp\/v2\/categories?post=3035"},{"taxonomy":"post_tag","embeddable":true,"href":"https:\/\/folhadopirajucara.com.br\/index.php\/wp-json\/wp\/v2\/tags?post=3035"}],"curies":[{"name":"wp","href":"https:\/\/api.w.org\/{rel}","templated":true}]}}