{"id":3076,"date":"2020-09-28T22:27:21","date_gmt":"2020-09-29T01:27:21","guid":{"rendered":"http:\/\/folhadopirajucara.com.br\/?p=3076"},"modified":"2020-09-28T22:27:21","modified_gmt":"2020-09-29T01:27:21","slug":"profa-vanuza-lutando-por-qualidade-e-dignidade-na-educacao-de-itapecerica-da-serra","status":"publish","type":"post","link":"https:\/\/folhadopirajucara.com.br\/index.php\/2020\/09\/28\/profa-vanuza-lutando-por-qualidade-e-dignidade-na-educacao-de-itapecerica-da-serra\/","title":{"rendered":"Profa Vanuza lutando por qualidade e dignidade na Educa\u00e7\u00e3o de Itapecerica da Serra"},"content":{"rendered":"<p>Vanuza Donizeti nascida em S\u00e3o Bernardo do Campo e morando nesta cidade que tanto ama, Itapecerica da Serra h\u00e1 38 anos e especificamente no bairro do Jardim Sampaio.<br \/>\nProfessora Vanuza, como \u00e9 conhecida, estudou na Escola Jos\u00e9 Silveira da Motta, onde na \u00e9poca era chamada de E.E.P.G. do Jardim Sampaio e desde ent\u00e3o continua sendo a \u00fanica escola do bairro que atende fundamental.<br \/>\nAtualmente a escola atende apenas s\u00e9ries iniciais do Ensino Fundamental, o que obriga as crian\u00e7as e adolescentes do bairro a se deslocarem para bairros vizinhos para terem acesso ao Fundamental II e Ensino M\u00e9dio. Diante desta realidade, muitos preferem a caminhada de mais de 2km at\u00e9 seu destino, por conta do hor\u00e1rio do transporte escolar que \u00e9 disponibilizado.<br \/>\nTemos aqui no bairro tamb\u00e9m uma escola de Educa\u00e7\u00e3o Infantil, que foi inaugurada duas vezes, mas infelizmente n\u00e3o temos creche. Eu, como trabalhadora e m\u00e3e de dois filhos, Pietro com 5 anos e Paolo, rec\u00e9m-nascido, vejo a falta que faz uma creche em nosso bairro, para ser sincera, o nosso munic\u00edpio \u00e9 desprovido deste servi\u00e7o t\u00e3o importante para as m\u00e3es que precisam ir em busca de recursos para manter suas fam\u00edlias e n\u00e3o tem onde deixar seu bem mais precioso. Ser\u00e1 que este assunto s\u00f3 tem a import\u00e2ncia na vis\u00e3o feminina? Porque n\u00e3o se constroem creches e amenizam os cora\u00e7\u00f5es destas m\u00e3es que tanto necessitam?<br \/>\nOutra dificuldade que as m\u00e3es do nosso bairro encontram \u00e9 a falta de uma Unidade B\u00e1sica de Sa\u00fade. N\u00f3s moradores temos mais uma vez que nos deslocarmos do nosso bairro para enfrentarmos imensas filas no Posto de Sa\u00fade Salvador de Leone em busca de uma vaga para atendimento. Muitas vezes n\u00e3o conseguimos a senha e voltamos frustrados sabendo que teremos que voltar enfrentar mais uma vez de madrugada esta mesma fila, para conseguirmos o t\u00e3o desejado agendamento. Se tiv\u00e9ssemos um Posto de Sa\u00fade em nosso bairro este problema seria minimizado. \u00c9 triste perceber este desprezo para com esta comunidade, n\u00e3o haver um olhar voltado \u00e0 qualidade de vida dos mesmos.<br \/>\nO Jardim Sampaio precisa de espa\u00e7os de lazer, como Pra\u00e7as e Parques. Faz-se necess\u00e1rio tamb\u00e9m um Centro Cultural. Ser\u00e1 que n\u00e3o temos talentos em nossa comunidade? Ser\u00e1 que nossas crian\u00e7as e adolescentes n\u00e3o podem ser estimulados e valorizados em projetos culturais? Ser\u00e1 que no tempo em que ficam ociosos (contra turno escolar) n\u00e3o poderiam ser oferecidos cursos profissionalizantes, artes marciais, artes pl\u00e1sticas, artes c\u00eanicas, m\u00fasicas, entre outros?<br \/>\nUm \u00faltimo assunto que gostaria de abordar n\u00e3o menos importante, por\u00e9m t\u00e3o desvalorizado, \u00e9 que temos em nosso bairro um patrim\u00f4nio natural, o Parque Ecol\u00f3gico Represinha. Esta \u00e1rea de conserva\u00e7\u00e3o ambiental deveria ser conhecida por todos os mun\u00edcipes, pois antigamente nossa cidade era abastecida por suas \u00e1guas. Perdem a oportunidade de conciliar a conserva\u00e7\u00e3o da natureza com o desenvolvimento social e econ\u00f4mico, realizando atividades humanas de baixo impacto sobre o meio ambiente como turismo sustent\u00e1vel e pesquisa cient\u00edfica. Desenvolvendo este projeto nas escolas e facilitando aos nossos adolescentes o acesso \u00e0s informa\u00e7\u00f5es, damos a oportunidade de participarem na pr\u00e1tica e explorarem o que de melhor temos, conscientizando e desenvolvendo o valioso conhecimento sobre a import\u00e2ncia da preserva\u00e7\u00e3o e o poder do meio ambiente em nossas vidas.<br \/>\nVamos lutar por um Jardim Sampaio mais humano, mais acolhedor para as crian\u00e7as e suas m\u00e3es, com acesso \u00e0 educa\u00e7\u00e3o de qualidade, respeito aos direitos \u00e0 sa\u00fade de cidad\u00e3s e cidad\u00e3os e cuidado com o meio ambiente desse bairro t\u00e3o lindo e verde!<br \/>\nProfessora Vanuza \u2013 candidata a vereadora pelo PSOL Itapecerica da Serra<\/p>\n","protected":false},"excerpt":{"rendered":"<p>Vanuza Donizeti nascida em S\u00e3o Bernardo do Campo e morando nesta cidade que tanto ama, Itapecerica da Serra h\u00e1 38<\/p>\n","protected":false},"author":3,"featured_media":3077,"comment_status":"open","ping_status":"open","sticky":false,"template":"","format":"standard","meta":{"footnotes":""},"categories":[1,16,4],"tags":[],"class_list":["post-3076","post","type-post","status-publish","format-standard","has-post-thumbnail","hentry","category-destaque","category-itapecerica-da-serra","category-noticias"],"_links":{"self":[{"href":"https:\/\/folhadopirajucara.com.br\/index.php\/wp-json\/wp\/v2\/posts\/3076"}],"collection":[{"href":"https:\/\/folhadopirajucara.com.br\/index.php\/wp-json\/wp\/v2\/posts"}],"about":[{"href":"https:\/\/folhadopirajucara.com.br\/index.php\/wp-json\/wp\/v2\/types\/post"}],"author":[{"embeddable":true,"href":"https:\/\/folhadopirajucara.com.br\/index.php\/wp-json\/wp\/v2\/users\/3"}],"replies":[{"embeddable":true,"href":"https:\/\/folhadopirajucara.com.br\/index.php\/wp-json\/wp\/v2\/comments?post=3076"}],"version-history":[{"count":0,"href":"https:\/\/folhadopirajucara.com.br\/index.php\/wp-json\/wp\/v2\/posts\/3076\/revisions"}],"wp:featuredmedia":[{"embeddable":true,"href":"https:\/\/folhadopirajucara.com.br\/index.php\/wp-json\/wp\/v2\/media\/3077"}],"wp:attachment":[{"href":"https:\/\/folhadopirajucara.com.br\/index.php\/wp-json\/wp\/v2\/media?parent=3076"}],"wp:term":[{"taxonomy":"category","embeddable":true,"href":"https:\/\/folhadopirajucara.com.br\/index.php\/wp-json\/wp\/v2\/categories?post=3076"},{"taxonomy":"post_tag","embeddable":true,"href":"https:\/\/folhadopirajucara.com.br\/index.php\/wp-json\/wp\/v2\/tags?post=3076"}],"curies":[{"name":"wp","href":"https:\/\/api.w.org\/{rel}","templated":true}]}}