{"id":3150,"date":"2020-11-05T22:07:06","date_gmt":"2020-11-06T01:07:06","guid":{"rendered":"http:\/\/folhadopirajucara.com.br\/?p=3150"},"modified":"2020-11-05T22:07:06","modified_gmt":"2020-11-06T01:07:06","slug":"pq-laguna-e-jd-trianon-ganharao-novas-ubss-no-primeiro-semestre-de-2021","status":"publish","type":"post","link":"https:\/\/folhadopirajucara.com.br\/index.php\/2020\/11\/05\/pq-laguna-e-jd-trianon-ganharao-novas-ubss-no-primeiro-semestre-de-2021\/","title":{"rendered":"Pq. Laguna e Jd. Trianon ganhar\u00e3o novas UBSs no primeiro semestre de 2021"},"content":{"rendered":"<p>Tabo\u00e3o da Serra vai ganhar duas novas Unidades B\u00e1sicas de Sa\u00fade (UBSs) no primeiro semestre de 2021. Os novos equipamentos, cujas obras j\u00e1 come\u00e7aram, ser\u00e3o constru\u00eddos no Parque Laguna e no Jardim Trianon, e ter\u00e3o capacidade de atendimento de aproximadamente 30 mil pessoas cada um. Essas ser\u00e3o as primeiras UBSs nos dois bairros.<\/p>\n<p>As novas unidades v\u00e3o ampliar os atendimentos na Sa\u00fade e desafogar as outras UBSs que recebiam a demanda dos dois bairros. Em visita \u00e0s obras junto a imprensa regional no m\u00eas de outubro, o prefeito Fernando Fernandes, que est\u00e1 h\u00e1 pouco menos de dois meses de deixar o cargo,\u00a0 falou sobre a import\u00e2ncia da aten\u00e7\u00e3o b\u00e1sica.<\/p>\n<p>\u201cO cuidado preventivo vem antes da urg\u00eancia, da interna\u00e7\u00e3o. A sa\u00fade b\u00e1sica \u00e9 a preventiva, \u00e9 onde voc\u00ea vai fazer com que as pessoas n\u00e3o cheguem l\u00e1 na ponta, no Pronto Socorro, que \u00e9 o atendimento mais caro\u201d, disse. Com os dois novos equipamentos, Tabo\u00e3o da Serra passar\u00e1 a ter 15 UBSs no total.<\/p>\n<p>Constru\u00edda em uma \u00e1rea total de 1.470 m\u00b3, a UBS do Jd. Trianon ser\u00e1 a maior de todas na cidade. Ela ter\u00e1 14 consult\u00f3rios m\u00e9dicos e mais 3 odontol\u00f3gicos, al\u00e9m de elevador. Em parte do segundo pavimento, ficar\u00e1 o Cras Trianon, que ter\u00e1 acesso independente. A previs\u00e3o de inaugura\u00e7\u00e3o \u00e9 em maio do ano que vem.<\/p>\n<p>J\u00e1 a UBS do Pq. Laguna ser\u00e1 constru\u00edda em uma \u00e1rea de 881 m\u00b2. A unidade ter\u00e1 dois 13 consult\u00f3rios m\u00e9dicos, um odontol\u00f3gico e uma sala de raio x, divididos em dois pavimentos, com elevador. Esta unidade poder\u00e1 ser entregue primeiro, em mar\u00e7o do ano que vem.<\/p>\n<p>Com as novas UBS, Fernando Fernandes ainda disse esperar que os \u201ccandidatos que estejam pleiteando ser prefeitos raciocinem em cima destas obras\u201d. \u201cQuando forem fazer suas promessas, pensem em cima dessas coisas, eles v\u00e3o ter essas responsabilidades\u201d, enfatizou ainda.<\/p>\n<p><strong>Reforma e amplia\u00e7\u00e3o da UBS Jd. das Margaridas<\/strong><\/p>\n<p>J\u00e1 a UBS do Jardim das Margaridas passa por obras de amplia\u00e7\u00e3o. O equipamento ganhar\u00e1 10 novos consult\u00f3rios m\u00e9dicos e um odontol\u00f3gicos, que ser\u00e3o entregues ainda no final de novembro deste ano. Ao todo, a unidade passar\u00e1 a contar com 16 salas de consulta. Uma ampla reforma tamb\u00e9m est\u00e1 em andamento nas instala\u00e7\u00f5es da UBS, que passar\u00e1 a ter elevador e adequa\u00e7\u00f5es de acessibilidade.<\/p>\n<p>&nbsp;<\/p>\n<p><em><strong>*por Gabriela Pereira \/\/ Jornal na Net<\/strong><\/em><\/p>\n","protected":false},"excerpt":{"rendered":"<p>Tabo\u00e3o da Serra vai ganhar duas novas Unidades B\u00e1sicas de Sa\u00fade (UBSs) no primeiro semestre de 2021. Os novos equipamentos,<\/p>\n","protected":false},"author":3,"featured_media":3151,"comment_status":"open","ping_status":"open","sticky":false,"template":"","format":"standard","meta":{"footnotes":""},"categories":[1,4,10],"tags":[],"class_list":["post-3150","post","type-post","status-publish","format-standard","has-post-thumbnail","hentry","category-destaque","category-noticias","category-taboao-da-serra"],"_links":{"self":[{"href":"https:\/\/folhadopirajucara.com.br\/index.php\/wp-json\/wp\/v2\/posts\/3150"}],"collection":[{"href":"https:\/\/folhadopirajucara.com.br\/index.php\/wp-json\/wp\/v2\/posts"}],"about":[{"href":"https:\/\/folhadopirajucara.com.br\/index.php\/wp-json\/wp\/v2\/types\/post"}],"author":[{"embeddable":true,"href":"https:\/\/folhadopirajucara.com.br\/index.php\/wp-json\/wp\/v2\/users\/3"}],"replies":[{"embeddable":true,"href":"https:\/\/folhadopirajucara.com.br\/index.php\/wp-json\/wp\/v2\/comments?post=3150"}],"version-history":[{"count":0,"href":"https:\/\/folhadopirajucara.com.br\/index.php\/wp-json\/wp\/v2\/posts\/3150\/revisions"}],"wp:featuredmedia":[{"embeddable":true,"href":"https:\/\/folhadopirajucara.com.br\/index.php\/wp-json\/wp\/v2\/media\/3151"}],"wp:attachment":[{"href":"https:\/\/folhadopirajucara.com.br\/index.php\/wp-json\/wp\/v2\/media?parent=3150"}],"wp:term":[{"taxonomy":"category","embeddable":true,"href":"https:\/\/folhadopirajucara.com.br\/index.php\/wp-json\/wp\/v2\/categories?post=3150"},{"taxonomy":"post_tag","embeddable":true,"href":"https:\/\/folhadopirajucara.com.br\/index.php\/wp-json\/wp\/v2\/tags?post=3150"}],"curies":[{"name":"wp","href":"https:\/\/api.w.org\/{rel}","templated":true}]}}