{"id":3238,"date":"2020-12-07T19:10:45","date_gmt":"2020-12-07T22:10:45","guid":{"rendered":"http:\/\/folhadopirajucara.com.br\/?p=3238"},"modified":"2020-12-07T19:10:45","modified_gmt":"2020-12-07T22:10:45","slug":"s-o-s-natureza-o-cerne-da-questao-dos-loteamento-ilegais","status":"publish","type":"post","link":"https:\/\/folhadopirajucara.com.br\/index.php\/2020\/12\/07\/s-o-s-natureza-o-cerne-da-questao-dos-loteamento-ilegais\/","title":{"rendered":"S.O.S Natureza: O Cerne da questao dos loteamento ilegais"},"content":{"rendered":"<p>A maioria dos pol\u00edticos, como muitos na recente elei\u00e7\u00e3o, n\u00e3o tem coragem de mexer na quest\u00e3o primordial que afeta a degrada\u00e7\u00e3o do meio ambiente em Itapecerica da Serra e Regi\u00e3o: os loteamentos irregulares. Com a bandeira do populismo ou do desenvolvimentismo, passando pela compra de votos e suspeitas de atividades criminosas, com envolvimento de servidores p\u00fablicos, o que presenciamos \u00e9 um grande movimento para loteamento das \u00e1reas de mananciais, com an\u00fancios descarados de venda de lotes ilegais nas m\u00eddias sociais. Diante de uma fiscaliza\u00e7\u00e3o incipiente, os resultados s\u00e3o desmatamentos, queimadas e perdas irrevers\u00edveis para a fauna, flora e mananciais. Todo esse cen\u00e1rio foi agravado pela pandemia, onde o desemprego levou muitas fam\u00edlias a se deslocarem cada vez mais dos centros das cidades para as periferias em busca de moradia, ou seja, para o Cintur\u00e3o Verde gerador de \u00e1gua. Essa \u00e9 a \u00fanica alternativa? Ficaremos sem \u00e1gua? O que poucos admitem \u00e9 que a origem do problema dos loteamentos ilegais parte da cidade de S\u00e3o Paulo e caminha para fora, a partir da especula\u00e7\u00e3o imobili\u00e1ria e da ocupa\u00e7\u00e3o de grandes conglomerados residenciais e comerciais em \u00e1reas de interesse social, que expulsam a popula\u00e7\u00e3o pobre de um territ\u00f3rio onde poderiam ser constru\u00eddas moradias populares, inibindo os loteamentos em \u00e1reas de mananciais, e permitindo a essas fam\u00edlias o acesso ao transporte, escolas, creches e hospitais. N\u00e3o h\u00e1 pol\u00edticas p\u00fablicas para habita\u00e7\u00e3o, ao contr\u00e1rio, se privilegia interesses de grupos empresariais em detrimento de toda popula\u00e7\u00e3o. Que esse debate urgente cres\u00e7a em nossa cidade, que a classe pol\u00edtica tenha coragem de ver a quest\u00e3o em seu cerne, que enfrente a especula\u00e7\u00e3o imobili\u00e1ria, buscando a integra\u00e7\u00e3o de pol\u00edticas p\u00fablicas entre Estado e Munic\u00edpios, para que a m\u00e9dio prazo possamos almejar moradias dignas e tamb\u00e9m a preserva\u00e7\u00e3o do meio ambiente.<\/p>\n<p>&nbsp;<\/p>\n<p><img loading=\"lazy\" decoding=\"async\" class=\"wp-image-3241 aligncenter\" src=\"https:\/\/folhadopirajucara.com.br\/wp-content\/uploads\/2020\/12\/Abelh\u00e3o-293x300.jpg\" alt=\"\" width=\"142\" height=\"145\" srcset=\"https:\/\/folhadopirajucara.com.br\/wp-content\/uploads\/2020\/12\/Abelh\u00e3o-293x300.jpg 293w, https:\/\/folhadopirajucara.com.br\/wp-content\/uploads\/2020\/12\/Abelh\u00e3o.jpg 600w\" sizes=\"(max-width: 142px) 100vw, 142px\" \/>\u00a0 *por Adriana Abelh\u00e3o &#8211; Adriana \u00e9 ambientalista \u00e0 frente da luta pela Preserva\u00e7\u00e3o Ambiental em Itapecerica da Serra no Movimento Preservar<\/p>\n","protected":false},"excerpt":{"rendered":"<p>A maioria dos pol\u00edticos, como muitos na recente elei\u00e7\u00e3o, n\u00e3o tem coragem de mexer na quest\u00e3o primordial que afeta a<\/p>\n","protected":false},"author":3,"featured_media":3240,"comment_status":"open","ping_status":"open","sticky":false,"template":"","format":"standard","meta":{"footnotes":""},"categories":[1,16,4],"tags":[],"class_list":["post-3238","post","type-post","status-publish","format-standard","has-post-thumbnail","hentry","category-destaque","category-itapecerica-da-serra","category-noticias"],"_links":{"self":[{"href":"https:\/\/folhadopirajucara.com.br\/index.php\/wp-json\/wp\/v2\/posts\/3238"}],"collection":[{"href":"https:\/\/folhadopirajucara.com.br\/index.php\/wp-json\/wp\/v2\/posts"}],"about":[{"href":"https:\/\/folhadopirajucara.com.br\/index.php\/wp-json\/wp\/v2\/types\/post"}],"author":[{"embeddable":true,"href":"https:\/\/folhadopirajucara.com.br\/index.php\/wp-json\/wp\/v2\/users\/3"}],"replies":[{"embeddable":true,"href":"https:\/\/folhadopirajucara.com.br\/index.php\/wp-json\/wp\/v2\/comments?post=3238"}],"version-history":[{"count":0,"href":"https:\/\/folhadopirajucara.com.br\/index.php\/wp-json\/wp\/v2\/posts\/3238\/revisions"}],"wp:featuredmedia":[{"embeddable":true,"href":"https:\/\/folhadopirajucara.com.br\/index.php\/wp-json\/wp\/v2\/media\/3240"}],"wp:attachment":[{"href":"https:\/\/folhadopirajucara.com.br\/index.php\/wp-json\/wp\/v2\/media?parent=3238"}],"wp:term":[{"taxonomy":"category","embeddable":true,"href":"https:\/\/folhadopirajucara.com.br\/index.php\/wp-json\/wp\/v2\/categories?post=3238"},{"taxonomy":"post_tag","embeddable":true,"href":"https:\/\/folhadopirajucara.com.br\/index.php\/wp-json\/wp\/v2\/tags?post=3238"}],"curies":[{"name":"wp","href":"https:\/\/api.w.org\/{rel}","templated":true}]}}