{"id":3260,"date":"2020-12-17T13:02:14","date_gmt":"2020-12-17T16:02:14","guid":{"rendered":"http:\/\/folhadopirajucara.com.br\/?p=3260"},"modified":"2020-12-17T13:02:14","modified_gmt":"2020-12-17T16:02:14","slug":"taboao-da-serra-tem-525-dos-leitos-de-covid-ocupados-nesta-quarta-feira","status":"publish","type":"post","link":"https:\/\/folhadopirajucara.com.br\/index.php\/2020\/12\/17\/taboao-da-serra-tem-525-dos-leitos-de-covid-ocupados-nesta-quarta-feira\/","title":{"rendered":"Tabo\u00e3o da Serra tem 52,5% dos leitos de Covid ocupados nesta quarta-feira"},"content":{"rendered":"<p>Tabo\u00e3o da Serra registra nesta quarta-feira, dia 16, uma ocupa\u00e7\u00e3o de 52,5% dos leitos dedicados ao tratamento de Covid-19 ocupados. Dos 40 leitos separados para o combate a pandemia, 21 est\u00e3o com pacientes.<\/p>\n<p>Segundo a secretaria de sa\u00fade dos 40 leitos, 17 s\u00e3o equipados com respiradores para pacientes em estado mais delicados. Apenas dois leitos com suporte ventilat\u00f3rio est\u00e3o sendo usados atualmente. Esses dados se referem a manh\u00e3 desta quarta-feira, a m\u00e9dia m\u00f3vel muda diariamente.<\/p>\n<p>Tabo\u00e3o da Serra j\u00e1 registrou mais de 10 mil casos de coronav\u00edrus e 328 \u00f3bitos em decorr\u00eancia da doen\u00e7a. De acordo com o boletim divulgado pela secretaria de sa\u00fade, na \u00faltima ter\u00e7a-feira, dia 15, na UPA Akira Tada, refer\u00eancia no tratamento no munic\u00edpio, j\u00e1 foram atendidos mais de 15 mil pacientes e registradas 281 interna\u00e7\u00f5es.<\/p>\n<p>Seguindo o protocolo do Governo do Estado, alguns pacientes em estado mais grave s\u00e3o transferidos para outras unidades de sa\u00fade da Grande S\u00e3o Paulo e Capital, como o Hospital das Cl\u00ednicas.<\/p>\n<p>Em entrevista ao Portal O Taboanense a secret\u00e1ria de sa\u00fade de Tabo\u00e3o da Serra, Raquel Zaicaner disse que o aumento no n\u00famero de casos \u00e9 observado em todo mundo. \u201cAqui no Brasil n\u00e3o chegamos a terminar a primeira onda e tivemos um novo aumento no n\u00famero de casos\u201d, disse.<\/p>\n<p>Em Tabo\u00e3o da Serra foi priorizado o atendimento de casos com sintomas gripais, entre eles os de Covid, na UPA Akira Tada. \u201cPrecisamos deixar o Antena livre de Covid, para que as gestantes possam ter seus beb\u00eas com tranquilidade e o atendimento de emerg\u00eancia tamb\u00e9m. Precisamos de um ambiente livre do Covid\u201d.<\/p>\n<p>A m\u00e9dica pede que os moradores mantenham as medidas sanit\u00e1rias e de isolamento para evitar novos picos de infec\u00e7\u00f5es. \u201cAs pessoas se cansaram do v\u00edrus, mas o v\u00edrus n\u00e3o se cansou de n\u00f3s. N\u00e3o temos vacina ainda e o melhor jeito ainda \u00e9 prevenir\u201d, disse Raquel Zaicaner.<\/p>\n<p>\u201cTemos que fazer o m\u00e1ximo o distanciamento, o uso de m\u00e1scara, por mais incomodo que seja, mas \u00e9 uma preven\u00e7\u00e3o eficiente. O uso de \u00e1lcool em gel e lavar as m\u00e3os com frequ\u00eancia tamb\u00e9m \u00e9 fundamental\u201d, refor\u00e7ou a secret\u00e1ria de sa\u00fade.<\/p>\n<p>&nbsp;<\/p>\n<p>fonte: O Taboanense<\/p>\n","protected":false},"excerpt":{"rendered":"<p>Tabo\u00e3o da Serra registra nesta quarta-feira, dia 16, uma ocupa\u00e7\u00e3o de 52,5% dos leitos dedicados ao tratamento de Covid-19 ocupados.<\/p>\n","protected":false},"author":3,"featured_media":3262,"comment_status":"open","ping_status":"open","sticky":false,"template":"","format":"standard","meta":{"footnotes":""},"categories":[1,10],"tags":[],"class_list":["post-3260","post","type-post","status-publish","format-standard","has-post-thumbnail","hentry","category-destaque","category-taboao-da-serra"],"_links":{"self":[{"href":"https:\/\/folhadopirajucara.com.br\/index.php\/wp-json\/wp\/v2\/posts\/3260"}],"collection":[{"href":"https:\/\/folhadopirajucara.com.br\/index.php\/wp-json\/wp\/v2\/posts"}],"about":[{"href":"https:\/\/folhadopirajucara.com.br\/index.php\/wp-json\/wp\/v2\/types\/post"}],"author":[{"embeddable":true,"href":"https:\/\/folhadopirajucara.com.br\/index.php\/wp-json\/wp\/v2\/users\/3"}],"replies":[{"embeddable":true,"href":"https:\/\/folhadopirajucara.com.br\/index.php\/wp-json\/wp\/v2\/comments?post=3260"}],"version-history":[{"count":0,"href":"https:\/\/folhadopirajucara.com.br\/index.php\/wp-json\/wp\/v2\/posts\/3260\/revisions"}],"wp:featuredmedia":[{"embeddable":true,"href":"https:\/\/folhadopirajucara.com.br\/index.php\/wp-json\/wp\/v2\/media\/3262"}],"wp:attachment":[{"href":"https:\/\/folhadopirajucara.com.br\/index.php\/wp-json\/wp\/v2\/media?parent=3260"}],"wp:term":[{"taxonomy":"category","embeddable":true,"href":"https:\/\/folhadopirajucara.com.br\/index.php\/wp-json\/wp\/v2\/categories?post=3260"},{"taxonomy":"post_tag","embeddable":true,"href":"https:\/\/folhadopirajucara.com.br\/index.php\/wp-json\/wp\/v2\/tags?post=3260"}],"curies":[{"name":"wp","href":"https:\/\/api.w.org\/{rel}","templated":true}]}}