{"id":3273,"date":"2020-12-15T17:08:04","date_gmt":"2020-12-15T20:08:04","guid":{"rendered":"http:\/\/folhadopirajucara.com.br\/?p=3273"},"modified":"2020-12-18T20:59:24","modified_gmt":"2020-12-18T23:59:24","slug":"sos-natureza-a-licao-dos-manacas","status":"publish","type":"post","link":"https:\/\/folhadopirajucara.com.br\/index.php\/2020\/12\/15\/sos-natureza-a-licao-dos-manacas\/","title":{"rendered":"SOS NATUREZA: A li\u00e7\u00e3o dos manac\u00e1s"},"content":{"rendered":"<p>\u00c9 tempo da florada dos Manac\u00e1s da Serra. Est\u00e3o por toda Itapecerica. Tem muitos na estrada que vai para o Centro, tamb\u00e9m para Embu Gua\u00e7u, e explode na Serra do Mar, nas bordas de mata. S\u00e3o \u00e1rvores com flores de tr\u00eas cores que nascem brancas, v\u00e3o ficando rosadas at\u00e9 escurecerem para um lil\u00e1s bem forte. Florescem nestes dias de novembro at\u00e9 fevereiro e est\u00e3o nas \u00e1reas remanescentes de Mata Atl\u00e2ntica, desde Santa Catarina at\u00e9 o Rio de Janeiro. Tem um tant\u00e3o de nomes populares: Cuipe\u00fana, Jacatir\u00e3o, Flor-de-Quaresma, entre outros. Um querido amigo de Itapecerica, que tamb\u00e9m ama as \u00e1rvores como eu, disse que sua av\u00f3 a chamava de Flor de Natal. Mas um nome que gosto muito, embora pouco conhecido por aqui, \u00e9 Pau-de-Flor. De madeira macia e pouco densa, \u00e0s vezes n\u00e3o suporta os ventos fortes das tempestades e caem galhos, ainda cheinhos de flores. Essa vulnerabilidade tem uma fun\u00e7\u00e3o, e \u00e9 essa a li\u00e7\u00e3o que nos traz o Manac\u00e1. A Natureza deixou para a transitoriedade essa delicadeza toda, que enche nossos olhos com a beleza desse buqu\u00ea mutante, pois o Manac\u00e1 tem vida curta, entre sete a oito anos apenas. \u00c9 uma \u00e1rvore que os bot\u00e2nicos chamam de pioneiras, ou seja, as primeiras que chegam quando a mata est\u00e1 se formando. Embora delicada, \u00e9 altamente resistente \u00e0 polui\u00e7\u00e3o e tem milhares de min\u00fasculas sementes que se espalham pelo vento. Sua fun\u00e7\u00e3o \u00e9 crescer r\u00e1pido e fazer uma cobertura para preparar a terra para as sementes das demais \u00e1rvores, para que chegue o tempo das grandes e soberanas Paineiras, Arauc\u00e1rias, Ing\u00e1s e Cedros Rosa. Ent\u00e3o regozijemos nesta florada bendita, cheia de esperan\u00e7a. Cuidemos destas \u00e1reas onde est\u00e3o os Manac\u00e1s para que viceje nossa Mata Atl\u00e2ntica, plantemos nosso Pau-de-Flor para recuperar nossas \u00e1reas degradadas e aprendamos com a Natureza que estamos aqui s\u00f3 de passagem, transitoriamente, e o quanto temos que cuidar da terra, sempre e sempre mais, para os que vir\u00e3o depois de n\u00f3s.<\/p>\n<figure id=\"attachment_3241\" aria-describedby=\"caption-attachment-3241\" style=\"width: 151px\" class=\"wp-caption aligncenter\"><img loading=\"lazy\" decoding=\"async\" class=\"wp-image-3241\" src=\"https:\/\/folhadopirajucara.com.br\/wp-content\/uploads\/2020\/12\/Abelh\u00e3o-293x300.jpg\" alt=\"\" width=\"151\" height=\"155\" srcset=\"https:\/\/folhadopirajucara.com.br\/wp-content\/uploads\/2020\/12\/Abelh\u00e3o-293x300.jpg 293w, https:\/\/folhadopirajucara.com.br\/wp-content\/uploads\/2020\/12\/Abelh\u00e3o.jpg 600w\" sizes=\"(max-width: 151px) 100vw, 151px\" \/><figcaption id=\"caption-attachment-3241\" class=\"wp-caption-text\">*por Adriana Abelh\u00e3o<\/figcaption><\/figure>\n<p>&nbsp;<\/p>\n","protected":false},"excerpt":{"rendered":"<p>\u00c9 tempo da florada dos Manac\u00e1s da Serra. Est\u00e3o por toda Itapecerica. Tem muitos na estrada que vai para o<\/p>\n","protected":false},"author":3,"featured_media":3274,"comment_status":"open","ping_status":"open","sticky":false,"template":"","format":"standard","meta":{"footnotes":""},"categories":[1,4],"tags":[],"class_list":["post-3273","post","type-post","status-publish","format-standard","has-post-thumbnail","hentry","category-destaque","category-noticias"],"_links":{"self":[{"href":"https:\/\/folhadopirajucara.com.br\/index.php\/wp-json\/wp\/v2\/posts\/3273"}],"collection":[{"href":"https:\/\/folhadopirajucara.com.br\/index.php\/wp-json\/wp\/v2\/posts"}],"about":[{"href":"https:\/\/folhadopirajucara.com.br\/index.php\/wp-json\/wp\/v2\/types\/post"}],"author":[{"embeddable":true,"href":"https:\/\/folhadopirajucara.com.br\/index.php\/wp-json\/wp\/v2\/users\/3"}],"replies":[{"embeddable":true,"href":"https:\/\/folhadopirajucara.com.br\/index.php\/wp-json\/wp\/v2\/comments?post=3273"}],"version-history":[{"count":0,"href":"https:\/\/folhadopirajucara.com.br\/index.php\/wp-json\/wp\/v2\/posts\/3273\/revisions"}],"wp:featuredmedia":[{"embeddable":true,"href":"https:\/\/folhadopirajucara.com.br\/index.php\/wp-json\/wp\/v2\/media\/3274"}],"wp:attachment":[{"href":"https:\/\/folhadopirajucara.com.br\/index.php\/wp-json\/wp\/v2\/media?parent=3273"}],"wp:term":[{"taxonomy":"category","embeddable":true,"href":"https:\/\/folhadopirajucara.com.br\/index.php\/wp-json\/wp\/v2\/categories?post=3273"},{"taxonomy":"post_tag","embeddable":true,"href":"https:\/\/folhadopirajucara.com.br\/index.php\/wp-json\/wp\/v2\/tags?post=3273"}],"curies":[{"name":"wp","href":"https:\/\/api.w.org\/{rel}","templated":true}]}}