{"id":3324,"date":"2020-12-22T11:53:12","date_gmt":"2020-12-22T14:53:12","guid":{"rendered":"http:\/\/folhadopirajucara.com.br\/?p=3324"},"modified":"2020-12-22T11:57:21","modified_gmt":"2020-12-22T14:57:21","slug":"nao-ha-sociedade-forte-com-funcionalismo-publico-fraco","status":"publish","type":"post","link":"https:\/\/folhadopirajucara.com.br\/index.php\/2020\/12\/22\/nao-ha-sociedade-forte-com-funcionalismo-publico-fraco\/","title":{"rendered":"N\u00e3o h\u00e1 sociedade forte com funcionalismo p\u00fablico fraco"},"content":{"rendered":"<p>N\u00e3o avan\u00e7ou na Assembleia Legislativa de SP a vota\u00e7\u00e3o do Projeto de Decreto Legislativo 22\/2020, que anula os efeitos do Decreto 65021 do governador Jo\u00e3o Doria. O decreto definiu o aumento das contribui\u00e7\u00f5es sobre aposentadorias e pens\u00f5es de servidores p\u00fablicos.<\/p>\n<p>Apesar do empenho do deputado Carlos Gianazzi, autor do PDL 22, com total apoio do Sindicato dos Servidores P\u00fablicos do Estado de SP (Sispesp) e demais entidades sindicais, ap\u00f3s a aprova\u00e7\u00e3o em tr\u00eas Comiss\u00f5es a vota\u00e7\u00e3o em plen\u00e1rio foi adiada na noite da quinta-feira (16).<br \/>\nIsso aconteceu porque o l\u00edder do governo Carl\u00e3o Pignatari (PSBD) apresentou duas emendas de plen\u00e1rio contendo 19 assinaturas. Agora o projeto volta para comiss\u00f5es. A previs\u00e3o \u00e9 que o PDL s\u00f3 poder\u00e1 ser discutido e votado em fevereiro quando a Alesp retorna do recesso.<\/p>\n<p>Lineu Neves Mazano, presidente do Sispesp, lamenta mais esse duro golpe, nos nossos sal\u00e1rios, que h\u00e1 anos n\u00e3o t\u00eam sequer a reposi\u00e7\u00e3o das perdas salariais. Para Mazano, \u00e9 uma trai\u00e7\u00e3o contra os servidores.<\/p>\n<p>Ele explica que um acordo garantia a vota\u00e7\u00e3o do PDL. \u201cMais uma vez os deputados vendidos, se renderam aos interesses do governo e praticaram esse ato de trai\u00e7\u00e3o, que se configura em mais um ataque a servidores, aposentados e pensionistas. \u00c9 inaceit\u00e1vel\u201d.<\/p>\n<p>Mazano garante que a luta continua. \u201cContinuaremos mobilizados para impedir mais essa injusti\u00e7a contra servidores. Vamos aumentar a press\u00e3o e denunciar esses deputados traidores, da nossa categoria. Antissociais pois est\u00e3o golpeando mais de 400 mil aposentados, que j\u00e1 contribu\u00edram para as suas aposentadorias. Convidamos a todos e todas a enviarem e-mails e mensagens para pression\u00e1-los\u201d, convoca.<\/p>\n<p>Confira e denuncie os deputados que votaram contra o andamento do PDL 22\/20, que suspende os efeitos do Decreto n\u00ba 65.021.<\/p>\n<p>Thiago Auricchio (PL), Rafael Zimbaldi (PL), Altair Moraes (REPUBLICANOS), Gilmaci Santos (REPUBLICANOS), Sebasti\u00e3o Santos (REPUBLICANOS), Fernando Cury (PPS), Marcio da Farm\u00e1cia (PODEMOS), Carla Morando (PSDB), Cezar (PSBD), Maria Lucia Amary (PSDB), Marcos Zerbini (PSDB), Jorge Caruso (MDB), Leo Oliveira (MDB), Rogerio Nogueira (DEM), Milton Leite Filho (DEM), Delegado Olim (PP), Alex de Madureira (PSD), Adalberto Freitas (PSL), Marta Costa (PSD).<\/p>\n<p>&nbsp;<\/p>\n<p>Mais &#8211; Acesse o site sispesp.org.br e saiba mais.<\/p>\n","protected":false},"excerpt":{"rendered":"<p>N\u00e3o avan\u00e7ou na Assembleia Legislativa de SP a vota\u00e7\u00e3o do Projeto de Decreto Legislativo 22\/2020, que anula os efeitos do<\/p>\n","protected":false},"author":3,"featured_media":3325,"comment_status":"open","ping_status":"open","sticky":false,"template":"","format":"standard","meta":{"footnotes":""},"categories":[36,1,4],"tags":[38,37],"class_list":["post-3324","post","type-post","status-publish","format-standard","has-post-thumbnail","hentry","category-coluna-do-servidor","category-destaque","category-noticias","tag-coluna-do-servidor","tag-servidor"],"_links":{"self":[{"href":"https:\/\/folhadopirajucara.com.br\/index.php\/wp-json\/wp\/v2\/posts\/3324"}],"collection":[{"href":"https:\/\/folhadopirajucara.com.br\/index.php\/wp-json\/wp\/v2\/posts"}],"about":[{"href":"https:\/\/folhadopirajucara.com.br\/index.php\/wp-json\/wp\/v2\/types\/post"}],"author":[{"embeddable":true,"href":"https:\/\/folhadopirajucara.com.br\/index.php\/wp-json\/wp\/v2\/users\/3"}],"replies":[{"embeddable":true,"href":"https:\/\/folhadopirajucara.com.br\/index.php\/wp-json\/wp\/v2\/comments?post=3324"}],"version-history":[{"count":0,"href":"https:\/\/folhadopirajucara.com.br\/index.php\/wp-json\/wp\/v2\/posts\/3324\/revisions"}],"wp:featuredmedia":[{"embeddable":true,"href":"https:\/\/folhadopirajucara.com.br\/index.php\/wp-json\/wp\/v2\/media\/3325"}],"wp:attachment":[{"href":"https:\/\/folhadopirajucara.com.br\/index.php\/wp-json\/wp\/v2\/media?parent=3324"}],"wp:term":[{"taxonomy":"category","embeddable":true,"href":"https:\/\/folhadopirajucara.com.br\/index.php\/wp-json\/wp\/v2\/categories?post=3324"},{"taxonomy":"post_tag","embeddable":true,"href":"https:\/\/folhadopirajucara.com.br\/index.php\/wp-json\/wp\/v2\/tags?post=3324"}],"curies":[{"name":"wp","href":"https:\/\/api.w.org\/{rel}","templated":true}]}}