{"id":3403,"date":"2021-01-17T14:04:21","date_gmt":"2021-01-17T17:04:21","guid":{"rendered":"http:\/\/folhadopirajucara.com.br\/?p=3403"},"modified":"2021-01-19T14:05:57","modified_gmt":"2021-01-19T17:05:57","slug":"dr-nakano-decreta-fechamento-de-comercio-nao-essencial-e-mantem-estado-de-emergencia-em-itapecerica","status":"publish","type":"post","link":"https:\/\/folhadopirajucara.com.br\/index.php\/2021\/01\/17\/dr-nakano-decreta-fechamento-de-comercio-nao-essencial-e-mantem-estado-de-emergencia-em-itapecerica\/","title":{"rendered":"Dr. Nakano decreta fechamento de com\u00e9rcio n\u00e3o essencial e mantem estado de emerg\u00eancia em Itapecerica"},"content":{"rendered":"<p>O prefeito de Itapecerica da Serra, Francisco Nakano decretou neste s\u00e1bado, 16\/01, o fechamento total ou parcial do com\u00e9rcio n\u00e3o essencial, proibiu eventos com p\u00fablico maior que 15 pessoas, determinou a suspens\u00e3o do atendimento presencial nos \u00f3rg\u00e3os municipais, exceto nos servi\u00e7os essenciais, estabeleceu rod\u00edzio de 50% entre os servidores da prefeitura e adotou a\u00e7\u00f5es r\u00edgidas.<\/p>\n<p>Todas as medidas visam conter o avan\u00e7o do Covid-19 na cidade. No mesmo decreto, publicado na edi\u00e7\u00e3o 492 do Di\u00e1rio Oficial, o prefeito Nakano manteve o estado de calamidade p\u00fablica decretado por conta da pandemia.<\/p>\n<p>As determina\u00e7\u00f5es contidas no decreto n\u00e3o tem prazo estabelecido.<\/p>\n<p>O decreto autoriza que permane\u00e7am abertas as farm\u00e1cias, supermercados, hortifruti, lojas que vendem produtos para animais, distribuidoras de g\u00e1s, sal\u00f5es de cabelereiros, lojas de cosm\u00e9ticos, perfumarias e casas lot\u00e9ricas. Todas devem adotar r\u00edgidos protocolos sanit\u00e1rios.<\/p>\n<p>Na sexta-feira, 15, Itapecerica foi classificada pelo governo do estado como estando na fase vermelha do Plano S\u00e3o Paulo, a mais restritiva. A medida foi justificada pela ocupa\u00e7\u00e3o hospitalar de pacientes graves com coronav\u00edrus estar acima de 80%.<\/p>\n<p>Segundo o decreto do prefeito Nakano os restaurantes e lanchonetes com sistema delivery, sem consumo no local podem funcionar nesta fase. As padarias tamb\u00e9m ficam abertas, mas est\u00e3o proibidas de servir lanches e refei\u00e7\u00f5es para consumo no balc\u00e3o.<\/p>\n<p>O decreto estabelece que as lojas e com\u00e9rcios sem autoriza\u00e7\u00e3o de funcionar podem realizar vendas remotas pela internet ou telefone com entregas feitas no sistema delivery.<\/p>\n<p>No caso de descumprimento das medidas contidas no decreto, ou se houver aglomera\u00e7\u00f5es os estabelecimentos estar\u00e3o pass\u00edveis de receber multas e at\u00e9 perder o alvar\u00e1 de funcionamento.<\/p>\n<p>&nbsp;<\/p>\n<h6><strong>*fonte: Jornal na Net<\/strong><\/h6>\n","protected":false},"excerpt":{"rendered":"<p>O prefeito de Itapecerica da Serra, Francisco Nakano decretou neste s\u00e1bado, 16\/01, o fechamento total ou parcial do com\u00e9rcio n\u00e3o<\/p>\n","protected":false},"author":3,"featured_media":3361,"comment_status":"open","ping_status":"open","sticky":false,"template":"","format":"standard","meta":{"footnotes":""},"categories":[1,16,4],"tags":[],"class_list":["post-3403","post","type-post","status-publish","format-standard","has-post-thumbnail","hentry","category-destaque","category-itapecerica-da-serra","category-noticias"],"_links":{"self":[{"href":"https:\/\/folhadopirajucara.com.br\/index.php\/wp-json\/wp\/v2\/posts\/3403"}],"collection":[{"href":"https:\/\/folhadopirajucara.com.br\/index.php\/wp-json\/wp\/v2\/posts"}],"about":[{"href":"https:\/\/folhadopirajucara.com.br\/index.php\/wp-json\/wp\/v2\/types\/post"}],"author":[{"embeddable":true,"href":"https:\/\/folhadopirajucara.com.br\/index.php\/wp-json\/wp\/v2\/users\/3"}],"replies":[{"embeddable":true,"href":"https:\/\/folhadopirajucara.com.br\/index.php\/wp-json\/wp\/v2\/comments?post=3403"}],"version-history":[{"count":0,"href":"https:\/\/folhadopirajucara.com.br\/index.php\/wp-json\/wp\/v2\/posts\/3403\/revisions"}],"wp:featuredmedia":[{"embeddable":true,"href":"https:\/\/folhadopirajucara.com.br\/index.php\/wp-json\/wp\/v2\/media\/3361"}],"wp:attachment":[{"href":"https:\/\/folhadopirajucara.com.br\/index.php\/wp-json\/wp\/v2\/media?parent=3403"}],"wp:term":[{"taxonomy":"category","embeddable":true,"href":"https:\/\/folhadopirajucara.com.br\/index.php\/wp-json\/wp\/v2\/categories?post=3403"},{"taxonomy":"post_tag","embeddable":true,"href":"https:\/\/folhadopirajucara.com.br\/index.php\/wp-json\/wp\/v2\/tags?post=3403"}],"curies":[{"name":"wp","href":"https:\/\/api.w.org\/{rel}","templated":true}]}}