{"id":3565,"date":"2021-02-02T18:02:16","date_gmt":"2021-02-02T21:02:16","guid":{"rendered":"http:\/\/folhadopirajucara.com.br\/?p=3565"},"modified":"2021-02-02T18:02:16","modified_gmt":"2021-02-02T21:02:16","slug":"concilia-embu-ocorre-de-8-a-12-2","status":"publish","type":"post","link":"https:\/\/folhadopirajucara.com.br\/index.php\/2021\/02\/02\/concilia-embu-ocorre-de-8-a-12-2\/","title":{"rendered":"Concilia Embu ocorre de 8 a 12\/2"},"content":{"rendered":"<p>De 8 a 12\/2, a Prefeitura de Embu das Artes realiza a Semana Municipal de\u00a0Concilia\u00e7\u00e3o (Concilia Embu). Quem est\u00e1 em d\u00e9bito com a municipalidade e j\u00e1 fez dois ou mais parcelamentos tem a oportunidade de colocar as contas em dia. Em respeito \u00e0s determina\u00e7\u00f5es dos decretos n\u00ba. 1.948 e 1956 de 2020, o atendimento ser\u00e1 feito da seguinte forma:<\/p>\n<p>\u2022 Um atendimento por hora para evitar aglomera\u00e7\u00e3o;<br \/>\n\u2022 O hor\u00e1rio de cada atendimento dever\u00e1 ser previamente agendado no telefone e e-mails listados abaixo;<br \/>\n\u2022 Os mun\u00edcipes poder\u00e3o ser atendidos remotamente via telefone e e-mail, caso prefiram, inclusive aqueles mun\u00edcipes de grupo de risco;<br \/>\n\u2022 Aqueles que optarem pelo atendimento presencial, dever\u00e3o estar de m\u00e1scara e na entrada do pr\u00e9dio ser\u00e1 medida a temperatura de cada um;<br \/>\n\u2022 Orienta-se apenas o comparecimento das pessoas imprescind\u00edveis \u00e0 realiza\u00e7\u00e3o da\u00a0concilia\u00e7\u00e3o e parcelamento do d\u00e9bito;<br \/>\n\u2022 Os servidores estar\u00e3o \u00e0 disposi\u00e7\u00e3o para sanar quaisquer d\u00favidas por telefone e e-mail.<\/p>\n<p>&nbsp;<\/p>\n<p style=\"text-align: center;\"><strong>Servi\u00e7o<\/strong><\/p>\n<p>Semana Municipal de\u00a0Concilia\u00e7\u00e3o (Concilia Embu)<br \/>\nQuando: De 8 a 12\/2, das 8h30 \u00e0s 16h<br \/>\nLocal: Rua 1\u00ba de Maio, n\u00ba 138, Quinha\u00fa (ao lado do Detran)<br \/>\nTelefone: (11) 4781-1090<br \/>\nE-mail Secob:\u00a0<a href=\"mailto:greisse.lopes@embudasartes.sp.gov.br\" target=\"_blank\" rel=\"noopener\">greisse.lopes@<wbr \/>embudasartes.sp.gov.br<\/a>\u00a0ou\u00a0<a href=\"mailto:gerusa.secob@embudasartes.sp.gov.br\" target=\"_blank\" rel=\"noopener\">geru<wbr \/>sa.secob@embudasartes.sp.gov.<wbr \/>br<\/a><br \/>\nE-mail Execu\u00e7\u00e3o Fiscal:\u00a0<a href=\"mailto:execucao.fiscal@embudasartes.sp.gov.br\" target=\"_blank\" rel=\"noopener\">execucao.fiscal@<wbr \/>embudasartes.sp.gov.br<\/a><br \/>\nE-mail Jur\u00eddico:\u00a0<a href=\"mailto:juridico@embudasartes.sp.gov.br\" target=\"_blank\" rel=\"noopener\">juridico@<wbr \/>embudasartes.sp.gov.br<\/a><\/p>\n<p>&nbsp;<\/p>\n<p style=\"text-align: center;\"><strong>Sobre o\u00a0Concilia\u00a0Embu<\/strong><\/p>\n<p>Inaugurado em outubro de 2018, o Centro Municipal de\u00a0Concilia\u00e7\u00e3o de Conflitos (Concilia\u00a0Embu) \u00e9 um \u00f3rg\u00e3o que busca solu\u00e7\u00f5es amig\u00e1veis em demandas fiscais que tenham autor no munic\u00edpio. Ele trabalha com base na Legisla\u00e7\u00e3o Nacional e Estadual pertinente \u00e0s\u00a0concilia\u00e7\u00f5es, media\u00e7\u00f5es e composi\u00e7\u00f5es amig\u00e1veis de demandas judiciais e administrativas, bem como nas resolu\u00e7\u00f5es e diretrizes emanadas do Tribunal de Justi\u00e7a e do Conselho Nacional do Minist\u00e9rio P\u00fablico e Conselho Nacional de Justi\u00e7a. \u00c9 composto pelo Departamento de Execu\u00e7\u00f5es Fiscais, da Secretaria de Assuntos Jur\u00eddicos, e do Setor de Cobran\u00e7a (Secob), vinculado \u00e0 Secretaria de Gest\u00e3o Financeira.<\/p>\n","protected":false},"excerpt":{"rendered":"<p>De 8 a 12\/2, a Prefeitura de Embu das Artes realiza a Semana Municipal de\u00a0Concilia\u00e7\u00e3o (Concilia Embu). Quem est\u00e1 em<\/p>\n","protected":false},"author":3,"featured_media":3566,"comment_status":"open","ping_status":"open","sticky":false,"template":"","format":"standard","meta":{"footnotes":""},"categories":[1,15,4],"tags":[],"class_list":["post-3565","post","type-post","status-publish","format-standard","has-post-thumbnail","hentry","category-destaque","category-embu-das-artes","category-noticias"],"_links":{"self":[{"href":"https:\/\/folhadopirajucara.com.br\/index.php\/wp-json\/wp\/v2\/posts\/3565"}],"collection":[{"href":"https:\/\/folhadopirajucara.com.br\/index.php\/wp-json\/wp\/v2\/posts"}],"about":[{"href":"https:\/\/folhadopirajucara.com.br\/index.php\/wp-json\/wp\/v2\/types\/post"}],"author":[{"embeddable":true,"href":"https:\/\/folhadopirajucara.com.br\/index.php\/wp-json\/wp\/v2\/users\/3"}],"replies":[{"embeddable":true,"href":"https:\/\/folhadopirajucara.com.br\/index.php\/wp-json\/wp\/v2\/comments?post=3565"}],"version-history":[{"count":0,"href":"https:\/\/folhadopirajucara.com.br\/index.php\/wp-json\/wp\/v2\/posts\/3565\/revisions"}],"wp:featuredmedia":[{"embeddable":true,"href":"https:\/\/folhadopirajucara.com.br\/index.php\/wp-json\/wp\/v2\/media\/3566"}],"wp:attachment":[{"href":"https:\/\/folhadopirajucara.com.br\/index.php\/wp-json\/wp\/v2\/media?parent=3565"}],"wp:term":[{"taxonomy":"category","embeddable":true,"href":"https:\/\/folhadopirajucara.com.br\/index.php\/wp-json\/wp\/v2\/categories?post=3565"},{"taxonomy":"post_tag","embeddable":true,"href":"https:\/\/folhadopirajucara.com.br\/index.php\/wp-json\/wp\/v2\/tags?post=3565"}],"curies":[{"name":"wp","href":"https:\/\/api.w.org\/{rel}","templated":true}]}}