{"id":3639,"date":"2021-02-19T11:42:45","date_gmt":"2021-02-19T14:42:45","guid":{"rendered":"http:\/\/folhadopirajucara.com.br\/?p=3639"},"modified":"2021-02-19T11:42:54","modified_gmt":"2021-02-19T14:42:54","slug":"shopping-taboao-homenageia-mulheres-com-acao-empoderaela","status":"publish","type":"post","link":"https:\/\/folhadopirajucara.com.br\/index.php\/2021\/02\/19\/shopping-taboao-homenageia-mulheres-com-acao-empoderaela\/","title":{"rendered":"Shopping Tabo\u00e3o homenageia mulheres com a\u00e7\u00e3o #EmpoderaEla"},"content":{"rendered":"<blockquote>\n<p style=\"text-align: center;\"><strong>Campanha refor\u00e7a a import\u00e2ncia do empoderamento feminino na sociedade<\/strong><\/p>\n<\/blockquote>\n<p>&nbsp;<\/p>\n<p dir=\"ltr\">Em celebra\u00e7\u00e3o ao Dia da Mulher, o Shopping Tabo\u00e3o, empreendimento da Aliansce Sonae, promove de 18 de fevereiro a 14 de mar\u00e7o a a\u00e7\u00e3o #EmpoderaEla. A programa\u00e7\u00e3o especial inclui bate-papo envolvendo nomes que representam a for\u00e7a feminina, exposi\u00e7\u00f5es e at\u00e9 convite para os clientes criarem frases inspiradoras e de empoderamento para serem expostas nas redes sociais do shopping.<\/p>\n<p dir=\"ltr\">Este ano, o tema principal da a\u00e7\u00e3o tem como foco mulheres na sa\u00fade e ci\u00eancia, em reconhecimento \u00e0 relev\u00e2ncia do papel delas no combate \u00e0 pandemia do coronav\u00edrus. Como embaixadora e protagonista da campanha #EmpoderaEla de 2021, a Aliansce Sonae convidou a biom\u00e9dica e pesquisadora Jaqueline Goes, que ganhou os holofotes no in\u00edcio da quarentena ao liderar a equipe que sequenciou o genoma do Coronav\u00edrus no Brasil em 48h, realiza\u00e7\u00e3o que despertou aten\u00e7\u00e3o de todo o mundo. No dia 8 de mar\u00e7o, \u00e0s 19h30, Jaqueline Goes comanda uma live especial transmitida pelo hotsite da a\u00e7\u00e3o (<a href=\"http:\/\/www.empoderaela.com.br\/\" target=\"_blank\" rel=\"noopener\" data-saferedirecturl=\"https:\/\/www.google.com\/url?q=http:\/\/www.empoderaela.com.br&amp;source=gmail&amp;ust=1613827272363000&amp;usg=AFQjCNFPxNz4lAHEzT9wSHTItyTuoTR9rg\">www.empoderaela.com.br<\/a>). No bate-papo, a embaixadora da campanha fala sobre os desafios das mulheres no mercado de trabalho e conta um pouco da sua hist\u00f3ria e trajet\u00f3ria de carreira na \u00e1rea m\u00e9dica.<\/p>\n<p dir=\"ltr\">\u201cTodas n\u00f3s mulheres temos alguns desafios em comum, e o Dia Internacional da Mulher \u00e9 uma data importante para levantarmos debates sobre eles e celebrarmos nossas conquistas, sonhos e planos. Na minha jornada, tive mentoras inspiradoras que foram essenciais para que eu continuasse buscando meus objetivos. Acredito muito na import\u00e2ncia de redes de apoio entre mulheres\u201d, comenta Goes.<\/p>\n<p dir=\"ltr\">Com objetivo de envolver e engajar seus clientes na campanha, o Shopping Tabo\u00e3o convida todos para participar de uma a\u00e7\u00e3o pelo Instagram do empreendimento (@shoppingtaboao). Os interessados devem publicar, entre os dias 18 de fevereiro e 7 de mar\u00e7o, frases autorais nos coment\u00e1rios do post do movimento, sempre usando a hashtag #EmpoderaEla. Logo na primeira semana de mar\u00e7o, acontece a sele\u00e7\u00e3o das melhores frases e no dia 8, segunda-feira, as frases selecionadas ilustrar\u00e3o as redes sociais do shopping abrindo a Semana da Mulher.<\/p>\n<p dir=\"ltr\">Al\u00e9m disso, de 8 a 14 de mar\u00e7o, o Shopping Tabo\u00e3o promove uma rodada de conversas em seu Instagram com temas que envolvem o universo feminino que inclui desde astrologia, gastronomia, at\u00e9 uma conversa empoderada com a jornalista Rita Batista.<\/p>\n<p dir=\"ltr\">Outra atra\u00e7\u00e3o especial \u00e9 a exposi\u00e7\u00e3o \u201cO poder est\u00e1 em voc\u00ea\u201d, que apresenta 22 mulheres admir\u00e1veis da regi\u00e3o de Tabo\u00e3o da Serra do dia de 8 a 31 de mar\u00e7o.<\/p>\n<p dir=\"ltr\">\u201cA mulher \u00e9 livre para fazer suas escolhas. Lutamos diariamente contra o preconceito e possu\u00edmos uma for\u00e7a inigual\u00e1vel que nos permite n\u00e3o abaixar a cabe\u00e7a diante de tantas lutas. Com essas a\u00e7\u00f5es, podemos refor\u00e7ar a import\u00e2ncia e \u00edmpeto de cada uma, envolvendo nossas clientes em um tema t\u00e3o importante\u201d conta Mariuche Ismerim, gerente de marketing do Shopping Tabo\u00e3o.<\/p>\n<p dir=\"ltr\" style=\"text-align: center;\"><strong>Programa\u00e7\u00e3o<\/strong><\/p>\n<p dir=\"ltr\">Shopping Tabo\u00e3o\u00a0\u2013 #EmpoderaEla<\/p>\n<p dir=\"ltr\">Inscri\u00e7\u00e3o de Frases #EmpoderaEla: De 18 de fevereiro a 7 de mar\u00e7o<\/p>\n<p dir=\"ltr\">Rodada de Conversas: De 8 a 14 de Mar\u00e7o<\/p>\n<p dir=\"ltr\">Programa\u00e7\u00e3o:<\/p>\n<p dir=\"ltr\">08\/03: Live com a Jaqueline Goes<\/p>\n<p dir=\"ltr\">09\/03: IGTV gastronomia saud\u00e1vel (com dicas e indica\u00e7\u00e3o de uma receita pr\u00e1tica)<\/p>\n<p dir=\"ltr\">10\/03: Live com Rita Batista<\/p>\n<p dir=\"ltr\">11\/03: IGTV Astrologia (a mulher de cada signo)<\/p>\n<p dir=\"ltr\">12\/03: Happy Hour IGTV com a cantora Marta Souza (The Voice)<\/p>\n<p dir=\"ltr\">13\/03: IGTV de make com Gabriela Pio<\/p>\n<p dir=\"ltr\">14\/03: IGTV de consultoria de imagem com o SENAC de Tabo\u00e3o da Serra (docente Francine Pacheco)<\/p>\n<p dir=\"ltr\">Exposi\u00e7\u00e3o \u201cO poder est\u00e1 em voc\u00ea\u201d: De 08 a 31 de mar\u00e7o<\/p>\n<p dir=\"ltr\" style=\"text-align: center;\"><strong>Local<\/strong><\/p>\n<p dir=\"ltr\">Shopping Tabo\u00e3o<\/p>\n<p dir=\"ltr\">Endere\u00e7o: Rodovia R\u00e9gis Bittencourt, 2643 \u2013 Tabo\u00e3o da Serra<\/p>\n<p dir=\"ltr\">Mais informa\u00e7\u00f5es pelo site: <a href=\"https:\/\/shoppingtaboao.com.br\/\" target=\"_blank\" rel=\"noopener\" data-saferedirecturl=\"https:\/\/www.google.com\/url?q=https:\/\/shoppingtaboao.com.br&amp;source=gmail&amp;ust=1613827272363000&amp;usg=AFQjCNH47ny7S3l_o47nb9zmoVNK4TVIzg\">https:\/\/shoppingtaboao.com.br<\/a> ou pelo telefone (11) 3164-7830. WhatsApp (11) 99103-0228<\/p>\n<p dir=\"ltr\">Redes Sociais<\/p>\n<p dir=\"ltr\">Instagram: @shoppingtaboao<\/p>\n<p dir=\"ltr\">Facebook: <a href=\"http:\/\/facebook.com\/Taboao\" target=\"_blank\" rel=\"noopener\" data-saferedirecturl=\"https:\/\/www.google.com\/url?q=http:\/\/facebook.com\/Taboao&amp;source=gmail&amp;ust=1613827272363000&amp;usg=AFQjCNEatYqtlyMIqnALGWPI5jAKfPHLIg\">facebook.com\/Taboao<\/a><\/p>\n<p dir=\"ltr\">Youtube: Shopping Tabo\u00e3o<\/p>\n<p dir=\"ltr\">*por:\u00a0<span class=\"qu\" tabindex=\"-1\" role=\"gridcell\"><span class=\"gD\" data-hovercard-id=\"marcella@maximasp.com.br\" data-hovercard-owner-id=\"130\">Marcella Leal (M\u00e1xima Assessoria de Imprensa)<\/span><\/span><\/p>\n","protected":false},"excerpt":{"rendered":"<p>Campanha refor\u00e7a a import\u00e2ncia do empoderamento feminino na sociedade &nbsp; Em celebra\u00e7\u00e3o ao Dia da Mulher, o Shopping Tabo\u00e3o, empreendimento<\/p>\n","protected":false},"author":3,"featured_media":3636,"comment_status":"open","ping_status":"open","sticky":false,"template":"","format":"standard","meta":{"footnotes":""},"categories":[1,4,10],"tags":[],"class_list":["post-3639","post","type-post","status-publish","format-standard","has-post-thumbnail","hentry","category-destaque","category-noticias","category-taboao-da-serra"],"_links":{"self":[{"href":"https:\/\/folhadopirajucara.com.br\/index.php\/wp-json\/wp\/v2\/posts\/3639"}],"collection":[{"href":"https:\/\/folhadopirajucara.com.br\/index.php\/wp-json\/wp\/v2\/posts"}],"about":[{"href":"https:\/\/folhadopirajucara.com.br\/index.php\/wp-json\/wp\/v2\/types\/post"}],"author":[{"embeddable":true,"href":"https:\/\/folhadopirajucara.com.br\/index.php\/wp-json\/wp\/v2\/users\/3"}],"replies":[{"embeddable":true,"href":"https:\/\/folhadopirajucara.com.br\/index.php\/wp-json\/wp\/v2\/comments?post=3639"}],"version-history":[{"count":0,"href":"https:\/\/folhadopirajucara.com.br\/index.php\/wp-json\/wp\/v2\/posts\/3639\/revisions"}],"wp:featuredmedia":[{"embeddable":true,"href":"https:\/\/folhadopirajucara.com.br\/index.php\/wp-json\/wp\/v2\/media\/3636"}],"wp:attachment":[{"href":"https:\/\/folhadopirajucara.com.br\/index.php\/wp-json\/wp\/v2\/media?parent=3639"}],"wp:term":[{"taxonomy":"category","embeddable":true,"href":"https:\/\/folhadopirajucara.com.br\/index.php\/wp-json\/wp\/v2\/categories?post=3639"},{"taxonomy":"post_tag","embeddable":true,"href":"https:\/\/folhadopirajucara.com.br\/index.php\/wp-json\/wp\/v2\/tags?post=3639"}],"curies":[{"name":"wp","href":"https:\/\/api.w.org\/{rel}","templated":true}]}}