{"id":3643,"date":"2021-02-19T22:32:22","date_gmt":"2021-02-20T01:32:22","guid":{"rendered":"http:\/\/folhadopirajucara.com.br\/?p=3643"},"modified":"2021-02-19T22:32:22","modified_gmt":"2021-02-20T01:32:22","slug":"poeirinha-volta-a-circular-gratuitamente-em-sao-lourenco-da-serra","status":"publish","type":"post","link":"https:\/\/folhadopirajucara.com.br\/index.php\/2021\/02\/19\/poeirinha-volta-a-circular-gratuitamente-em-sao-lourenco-da-serra\/","title":{"rendered":"\u201cPoeirinha\u201d volta a circular gratuitamente em S\u00e3o Louren\u00e7o da Serra"},"content":{"rendered":"<blockquote>\n<p style=\"text-align: center;\"><strong>A iniciativa coloca servi\u00e7o de transporte coletivo gratuito para atender bairros distantes<\/strong><\/p>\n<\/blockquote>\n<p>&nbsp;<\/p>\n<p style=\"background: white; margin: 0cm 0cm 21.0pt 0cm;\"><span style=\"font-size: 12.5pt; font-family: 'Open Sans','serif'; color: #212529; background: white;\">No \u00faltimo dia 09\/02, a prefeitura de S\u00e3o Louren\u00e7o da Serra iniciou o servi\u00e7o de transporte coletivo gratuito na cidade. O transporte vai funcionar de segunda a s\u00e1bado, das 5h \u00e0s 19h50, atendendo moradores da cidade que moram em bairros distantes da regi\u00e3o central, como Itatuba, Triangulo Azul, Fazenda Vit\u00f3ria e Barrinha.<\/span><\/p>\n<p style=\"background: white; margin: 0cm 0cm 21.0pt 0cm;\"><span style=\"font-size: 12.5pt; font-family: 'Open Sans','serif'; color: #212529;\">Na Sess\u00e3o Ordin\u00e1ria da C\u00e2mara Municipal, de 10\/02, o prefeito em exerc\u00edcio, Felipe Seme Amed, anunciou que a princ\u00edpio os usu\u00e1rios v\u00e3o contar com dois \u00f4nibus circulares. Ele lembrou, ainda, que \u00e9 obrigat\u00f3rio o uso da m\u00e1scara nos \u00f4nibus.<\/span><\/p>\n<p style=\"background: white; margin: 0cm 0cm 21.0pt 0cm;\"><span style=\"font-size: 12.5pt; font-family: 'Open Sans','serif'; color: #212529;\">Durante a mesma Sess\u00e3o, a vereadora Ethel Gisondi, parabenizou o prefeito pela iniciativa de trazer de volta o \u201cpoeirinha\u201d, forma carinhosa com que a popula\u00e7\u00e3o chama o circular, cujo itiner\u00e1rio, em sua grande maioria \u00e9 feita em estradas de terra. <\/span><\/p>\n<p style=\"background: white; margin: 0cm 0cm 21.0pt 0cm;\"><span style=\"font-size: 12.5pt; font-family: 'Open Sans','serif'; color: #212529;\">O trajeto do circular 1 \u00e9: Itatuba \u2013 Tri\u00e2ngulo Azul (BR-116) \u2013 Centro. Circular 2: Fazenda Vit\u00f3ria \u2013 Barrinha (BR 116) \u2013 Centro. (Confira abaixo os hor\u00e1rios).<\/span><\/p>\n<p style=\"background: white; margin: 0cm 0cm 21.0pt 0cm;\"><span style=\"font-size: 12.5pt; font-family: 'Open Sans','serif'; color: #212529;\">Para mais informa\u00e7\u00f5es, o usu\u00e1rio pode entrar em contato atrav\u00e9s dos telefones: 4687-1042 \/ 4687-1052<\/span><\/p>\n<p style=\"background: white; margin: 0cm 0cm 21pt; text-align: center;\"><strong><span style=\"font-size: 12.5pt; font-family: 'Open Sans','serif'; color: #212529;\">Confira na tabela abaixo os hor\u00e1rios dos circulares:<\/span><\/strong><\/p>\n<p><img loading=\"lazy\" decoding=\"async\" class=\"size-medium wp-image-3644 alignleft\" src=\"https:\/\/folhadopirajucara.com.br\/wp-content\/uploads\/2021\/02\/onibus1_circular_slSite-300x182.jpg\" alt=\"\" width=\"300\" height=\"182\" srcset=\"https:\/\/folhadopirajucara.com.br\/wp-content\/uploads\/2021\/02\/onibus1_circular_slSite-300x182.jpg 300w, https:\/\/folhadopirajucara.com.br\/wp-content\/uploads\/2021\/02\/onibus1_circular_slSite.jpg 312w\" sizes=\"(max-width: 300px) 100vw, 300px\" \/>\u00a0 \u00a0 \u00a0 \u00a0 \u00a0 \u00a0 \u00a0 \u00a0 \u00a0 \u00a0 \u00a0<img loading=\"lazy\" decoding=\"async\" class=\"size-medium wp-image-3645 alignright\" src=\"https:\/\/folhadopirajucara.com.br\/wp-content\/uploads\/2021\/02\/site-300x200.jpg\" alt=\"\" width=\"300\" height=\"200\" srcset=\"https:\/\/folhadopirajucara.com.br\/wp-content\/uploads\/2021\/02\/site-300x200.jpg 300w, https:\/\/folhadopirajucara.com.br\/wp-content\/uploads\/2021\/02\/site.jpg 312w\" sizes=\"(max-width: 300px) 100vw, 300px\" \/><\/p>\n","protected":false},"excerpt":{"rendered":"<p>A iniciativa coloca servi\u00e7o de transporte coletivo gratuito para atender bairros distantes &nbsp; No \u00faltimo dia 09\/02, a prefeitura de<\/p>\n","protected":false},"author":3,"featured_media":3647,"comment_status":"open","ping_status":"open","sticky":false,"template":"","format":"standard","meta":{"footnotes":""},"categories":[1,4,8],"tags":[],"class_list":["post-3643","post","type-post","status-publish","format-standard","has-post-thumbnail","hentry","category-destaque","category-noticias","category-sao-lourenco"],"_links":{"self":[{"href":"https:\/\/folhadopirajucara.com.br\/index.php\/wp-json\/wp\/v2\/posts\/3643"}],"collection":[{"href":"https:\/\/folhadopirajucara.com.br\/index.php\/wp-json\/wp\/v2\/posts"}],"about":[{"href":"https:\/\/folhadopirajucara.com.br\/index.php\/wp-json\/wp\/v2\/types\/post"}],"author":[{"embeddable":true,"href":"https:\/\/folhadopirajucara.com.br\/index.php\/wp-json\/wp\/v2\/users\/3"}],"replies":[{"embeddable":true,"href":"https:\/\/folhadopirajucara.com.br\/index.php\/wp-json\/wp\/v2\/comments?post=3643"}],"version-history":[{"count":0,"href":"https:\/\/folhadopirajucara.com.br\/index.php\/wp-json\/wp\/v2\/posts\/3643\/revisions"}],"wp:featuredmedia":[{"embeddable":true,"href":"https:\/\/folhadopirajucara.com.br\/index.php\/wp-json\/wp\/v2\/media\/3647"}],"wp:attachment":[{"href":"https:\/\/folhadopirajucara.com.br\/index.php\/wp-json\/wp\/v2\/media?parent=3643"}],"wp:term":[{"taxonomy":"category","embeddable":true,"href":"https:\/\/folhadopirajucara.com.br\/index.php\/wp-json\/wp\/v2\/categories?post=3643"},{"taxonomy":"post_tag","embeddable":true,"href":"https:\/\/folhadopirajucara.com.br\/index.php\/wp-json\/wp\/v2\/tags?post=3643"}],"curies":[{"name":"wp","href":"https:\/\/api.w.org\/{rel}","templated":true}]}}