{"id":3649,"date":"2021-02-19T22:37:58","date_gmt":"2021-02-20T01:37:58","guid":{"rendered":"http:\/\/folhadopirajucara.com.br\/?p=3649"},"modified":"2021-02-19T22:38:55","modified_gmt":"2021-02-20T01:38:55","slug":"sessoes-ordinarias-em-sao-lourenco-da-serra-tem-novo-horario","status":"publish","type":"post","link":"https:\/\/folhadopirajucara.com.br\/index.php\/2021\/02\/19\/sessoes-ordinarias-em-sao-lourenco-da-serra-tem-novo-horario\/","title":{"rendered":"Sess\u00f5es Ordin\u00e1rias em S\u00e3o Louren\u00e7o da Serra tem novo hor\u00e1rio"},"content":{"rendered":"<p>Durante a segunda Sess\u00e3o Ordin\u00e1ria de 2021, dia 10\/02, a C\u00e2mara Municipal de S\u00e3o Louren\u00e7o da Serra, passou a funcionar em novo hor\u00e1rio.<\/p>\n<p>Atualmente \u00e1s Sess\u00f5es ocorrer\u00e3o com in\u00edcio \u00e1s 19h, todas as quartas feiras.<\/p>\n<p>O presidente em exerc\u00edcio na C\u00e2mara Municipal, vereador Gerson da Bota, disse ter ficado satisfeito com o aumento da participa\u00e7\u00e3o da popula\u00e7\u00e3o, no novo hor\u00e1rio de funcionamento.<\/p>\n<p>A C\u00e2mara Municipal est\u00e1 localizada na Pra\u00e7a 10 de Agosto, Centro e atende \u00e1 popula\u00e7\u00e3o atrav\u00e9s do telefone 4686-1461.<\/p>\n<p>\u00c1s sess\u00f5es Ordin\u00e1rias acontecem todas \u00e1s quartas feiras \u00e1s 19hs.<\/p>\n","protected":false},"excerpt":{"rendered":"<p>Durante a segunda Sess\u00e3o Ordin\u00e1ria de 2021, dia 10\/02, a C\u00e2mara Municipal de S\u00e3o Louren\u00e7o da Serra, passou a funcionar<\/p>\n","protected":false},"author":3,"featured_media":3652,"comment_status":"open","ping_status":"open","sticky":false,"template":"","format":"standard","meta":{"footnotes":""},"categories":[1,4,8],"tags":[],"class_list":["post-3649","post","type-post","status-publish","format-standard","has-post-thumbnail","hentry","category-destaque","category-noticias","category-sao-lourenco"],"_links":{"self":[{"href":"https:\/\/folhadopirajucara.com.br\/index.php\/wp-json\/wp\/v2\/posts\/3649"}],"collection":[{"href":"https:\/\/folhadopirajucara.com.br\/index.php\/wp-json\/wp\/v2\/posts"}],"about":[{"href":"https:\/\/folhadopirajucara.com.br\/index.php\/wp-json\/wp\/v2\/types\/post"}],"author":[{"embeddable":true,"href":"https:\/\/folhadopirajucara.com.br\/index.php\/wp-json\/wp\/v2\/users\/3"}],"replies":[{"embeddable":true,"href":"https:\/\/folhadopirajucara.com.br\/index.php\/wp-json\/wp\/v2\/comments?post=3649"}],"version-history":[{"count":0,"href":"https:\/\/folhadopirajucara.com.br\/index.php\/wp-json\/wp\/v2\/posts\/3649\/revisions"}],"wp:featuredmedia":[{"embeddable":true,"href":"https:\/\/folhadopirajucara.com.br\/index.php\/wp-json\/wp\/v2\/media\/3652"}],"wp:attachment":[{"href":"https:\/\/folhadopirajucara.com.br\/index.php\/wp-json\/wp\/v2\/media?parent=3649"}],"wp:term":[{"taxonomy":"category","embeddable":true,"href":"https:\/\/folhadopirajucara.com.br\/index.php\/wp-json\/wp\/v2\/categories?post=3649"},{"taxonomy":"post_tag","embeddable":true,"href":"https:\/\/folhadopirajucara.com.br\/index.php\/wp-json\/wp\/v2\/tags?post=3649"}],"curies":[{"name":"wp","href":"https:\/\/api.w.org\/{rel}","templated":true}]}}