{"id":3653,"date":"2021-02-19T22:46:24","date_gmt":"2021-02-20T01:46:24","guid":{"rendered":"http:\/\/folhadopirajucara.com.br\/?p=3653"},"modified":"2021-02-19T22:47:30","modified_gmt":"2021-02-20T01:47:30","slug":"nova-sede-da-prefeitura-economizara-mais-de-1-milhao-a-sao-lourenco-da-serra","status":"publish","type":"post","link":"https:\/\/folhadopirajucara.com.br\/index.php\/2021\/02\/19\/nova-sede-da-prefeitura-economizara-mais-de-1-milhao-a-sao-lourenco-da-serra\/","title":{"rendered":"Nova Sede da Prefeitura economizar\u00e1 mais de 1 MILH\u00c3O \u00e1 S\u00e3o Louren\u00e7o da Serra"},"content":{"rendered":"<blockquote>\n<p style=\"text-align: center;\"><strong>De Abril \u00e1 Dezembro de 2021, mais os 36 meses de 2022 \u00e1 2024, somente com o que seria gasto com o aluguel da sede da prefeitura, S\u00e3o Louren\u00e7o da Serra economizar\u00e1 R$ 1.125.000,00<\/strong><\/p>\n<\/blockquote>\n<p>&nbsp;<\/p>\n<p>O prefeito em exerc\u00edcio em S\u00e3o Louren\u00e7o da Serra, Felipe Seme Amed, durante a \u00faltima Sess\u00e3o Ordin\u00e1ria da C\u00e2mara de vereadores, 10\/02, anunciou a mudan\u00e7a da Sede Municipal da Prefeitura para o Centro da cidade.<\/p>\n<p>Atualmente, a prefeitura paga um aluguel de R$ 25 mil por m\u00eas. A medida dever\u00e1 render, somente neste ano de 2021, uma economia de R$ 225 milh\u00f5es. Isto devido ao fato das reformas do novo pr\u00e9dio ficarem prontas at\u00e9 o final de Mar\u00e7o.<\/p>\n<p>A sede atual, al\u00e9m de um aluguel caro, \u00e9 de dif\u00edcil acesso ao mun\u00edcipe, que n\u00e3o tenha um ve\u00edculo para a locomo\u00e7\u00e3o.<\/p>\n<p>A nova sede da prefeitura ficar\u00e1 na avenida Evaristo Delfino Pinto, ao lado do banheiro p\u00fablico e pr\u00f3ximo a Capela Santo Ant\u00f4nio, no local onde estava situada a creche Andr\u00e9 Luiz.<\/p>\n","protected":false},"excerpt":{"rendered":"<p>De Abril \u00e1 Dezembro de 2021, mais os 36 meses de 2022 \u00e1 2024, somente com o que seria gasto<\/p>\n","protected":false},"author":3,"featured_media":3656,"comment_status":"open","ping_status":"open","sticky":false,"template":"","format":"standard","meta":{"footnotes":""},"categories":[1,4,8],"tags":[],"class_list":["post-3653","post","type-post","status-publish","format-standard","has-post-thumbnail","hentry","category-destaque","category-noticias","category-sao-lourenco"],"_links":{"self":[{"href":"https:\/\/folhadopirajucara.com.br\/index.php\/wp-json\/wp\/v2\/posts\/3653"}],"collection":[{"href":"https:\/\/folhadopirajucara.com.br\/index.php\/wp-json\/wp\/v2\/posts"}],"about":[{"href":"https:\/\/folhadopirajucara.com.br\/index.php\/wp-json\/wp\/v2\/types\/post"}],"author":[{"embeddable":true,"href":"https:\/\/folhadopirajucara.com.br\/index.php\/wp-json\/wp\/v2\/users\/3"}],"replies":[{"embeddable":true,"href":"https:\/\/folhadopirajucara.com.br\/index.php\/wp-json\/wp\/v2\/comments?post=3653"}],"version-history":[{"count":0,"href":"https:\/\/folhadopirajucara.com.br\/index.php\/wp-json\/wp\/v2\/posts\/3653\/revisions"}],"wp:featuredmedia":[{"embeddable":true,"href":"https:\/\/folhadopirajucara.com.br\/index.php\/wp-json\/wp\/v2\/media\/3656"}],"wp:attachment":[{"href":"https:\/\/folhadopirajucara.com.br\/index.php\/wp-json\/wp\/v2\/media?parent=3653"}],"wp:term":[{"taxonomy":"category","embeddable":true,"href":"https:\/\/folhadopirajucara.com.br\/index.php\/wp-json\/wp\/v2\/categories?post=3653"},{"taxonomy":"post_tag","embeddable":true,"href":"https:\/\/folhadopirajucara.com.br\/index.php\/wp-json\/wp\/v2\/tags?post=3653"}],"curies":[{"name":"wp","href":"https:\/\/api.w.org\/{rel}","templated":true}]}}