{"id":3719,"date":"2021-03-02T13:00:02","date_gmt":"2021-03-02T16:00:02","guid":{"rendered":"http:\/\/folhadopirajucara.com.br\/?p=3719"},"modified":"2021-03-02T13:00:02","modified_gmt":"2021-03-02T16:00:02","slug":"procon-inaugura-unidade-na-subprefeitura-do-jd-santa-tereza-em-embu-das-artes","status":"publish","type":"post","link":"https:\/\/folhadopirajucara.com.br\/index.php\/2021\/03\/02\/procon-inaugura-unidade-na-subprefeitura-do-jd-santa-tereza-em-embu-das-artes\/","title":{"rendered":"Procon inaugura unidade na Subprefeitura do Jd. Santa Tereza em Embu das Artes"},"content":{"rendered":"<p>O Procon de Embu das Artes inaugurou mais uma unidade de atendimento, que est\u00e1 funcionando na Pra\u00e7a de Atendimento da Subprefeitura do Jardim Santa Tereza (rua Cerqueira C\u00e9sar, 846). A implanta\u00e7\u00e3o desse servi\u00e7o no local atende a uma demanda solicitada pela Subprefeitura e ocorreu ap\u00f3s uma articula\u00e7\u00e3o com a Secretaria de Assuntos Jur\u00eddicos.<\/p>\n<p>A abertura deste posto no bairro disponibiliza o servi\u00e7o para mais pr\u00f3ximo da popula\u00e7\u00e3o residente na regi\u00e3o, reduz a aglomera\u00e7\u00e3o de pessoas e evita que o mun\u00edcipe passe muito tempo dentro do transporte p\u00fablico nesse per\u00edodo de pandemia. Lembrando que, por tais motivos descritos, o atendimento do Procon est\u00e1 sendo realizado por agendamento pr\u00e9vio pelos telefones (11) 4704-6901 \/ (11) 4704-4949.<\/p>\n<p>O Procon Embu das Artes, vinculado \u00e0 Secretaria de Assuntos Jur\u00eddicos, orienta os consumidores, recebe suas reclama\u00e7\u00f5es, informa sobre seus direitos e fiscaliza as rela\u00e7\u00f5es de consumo. O \u00f3rg\u00e3o visa sempre equilibrar as rela\u00e7\u00f5es de consumo, buscando solucionar os conflitos entre o consumidor e o fornecedor que vende um produto ou presta um servi\u00e7o. Ele \u00e9 parte integrante do Sistema Nacional de Defesa do Consumidor.<\/p>\n<p style=\"text-align: center;\"><strong>Veja abaixo outras unidades do Procon na cidade:<\/strong><\/p>\n<p>Centro: Rua 1\u00ba de Maio, 138, Quinha\u00fa, ao lado do Detran. Telefone: 4781-1090<br \/>\nAtendimento de 2\u00aa a 6\u00aa, das 08:30 \u00e0s 16 horas<\/p>\n<p>Santo Eduardo: Estrada de Itapecerica a Campo Limpo, 2673. Telefones: 4244-6465 \/ 4244-6676<br \/>\nAtendimento de 2\u00aa a 6\u00aa, das 08:30 \u00e0s 16 horas<\/p>\n","protected":false},"excerpt":{"rendered":"<p>O Procon de Embu das Artes inaugurou mais uma unidade de atendimento, que est\u00e1 funcionando na Pra\u00e7a de Atendimento da<\/p>\n","protected":false},"author":3,"featured_media":3720,"comment_status":"open","ping_status":"open","sticky":false,"template":"","format":"standard","meta":{"footnotes":""},"categories":[1,15,4],"tags":[],"class_list":["post-3719","post","type-post","status-publish","format-standard","has-post-thumbnail","hentry","category-destaque","category-embu-das-artes","category-noticias"],"_links":{"self":[{"href":"https:\/\/folhadopirajucara.com.br\/index.php\/wp-json\/wp\/v2\/posts\/3719"}],"collection":[{"href":"https:\/\/folhadopirajucara.com.br\/index.php\/wp-json\/wp\/v2\/posts"}],"about":[{"href":"https:\/\/folhadopirajucara.com.br\/index.php\/wp-json\/wp\/v2\/types\/post"}],"author":[{"embeddable":true,"href":"https:\/\/folhadopirajucara.com.br\/index.php\/wp-json\/wp\/v2\/users\/3"}],"replies":[{"embeddable":true,"href":"https:\/\/folhadopirajucara.com.br\/index.php\/wp-json\/wp\/v2\/comments?post=3719"}],"version-history":[{"count":0,"href":"https:\/\/folhadopirajucara.com.br\/index.php\/wp-json\/wp\/v2\/posts\/3719\/revisions"}],"wp:featuredmedia":[{"embeddable":true,"href":"https:\/\/folhadopirajucara.com.br\/index.php\/wp-json\/wp\/v2\/media\/3720"}],"wp:attachment":[{"href":"https:\/\/folhadopirajucara.com.br\/index.php\/wp-json\/wp\/v2\/media?parent=3719"}],"wp:term":[{"taxonomy":"category","embeddable":true,"href":"https:\/\/folhadopirajucara.com.br\/index.php\/wp-json\/wp\/v2\/categories?post=3719"},{"taxonomy":"post_tag","embeddable":true,"href":"https:\/\/folhadopirajucara.com.br\/index.php\/wp-json\/wp\/v2\/tags?post=3719"}],"curies":[{"name":"wp","href":"https:\/\/api.w.org\/{rel}","templated":true}]}}