{"id":3722,"date":"2021-03-02T13:11:43","date_gmt":"2021-03-02T16:11:43","guid":{"rendered":"http:\/\/folhadopirajucara.com.br\/?p=3722"},"modified":"2021-03-02T13:13:51","modified_gmt":"2021-03-02T16:13:51","slug":"acao-educativa-da-prefeitura-de-taboao-da-serra-orienta-comerciantes-e-populacao-no-combate-a-proliferacao-da-covid-19","status":"publish","type":"post","link":"https:\/\/folhadopirajucara.com.br\/index.php\/2021\/03\/02\/acao-educativa-da-prefeitura-de-taboao-da-serra-orienta-comerciantes-e-populacao-no-combate-a-proliferacao-da-covid-19\/","title":{"rendered":"A\u00e7\u00e3o Educativa da Prefeitura de Tabo\u00e3o da Serra orienta comerciantes e popula\u00e7\u00e3o no combate \u00e0 prolifera\u00e7\u00e3o da Covid-19"},"content":{"rendered":"<p style=\"text-align: center;\"><strong><em>O munic\u00edpio regrediu \u00e0 fase laranja nesta segunda feira 01\/03<\/em><\/strong><\/p>\n<p>&nbsp;<\/p>\n<p><img loading=\"lazy\" decoding=\"async\" class=\"size-medium wp-image-3724 alignleft\" src=\"https:\/\/folhadopirajucara.com.br\/wp-content\/uploads\/2021\/03\/A\u00e7\u00e3o-Educativa-da-Prefeitura-de-Tabo\u00e3o-da-Serra-orienta-comerciantes-e-popula\u00e7\u00e3o-no-combate-\u00e0-prolifera\u00e7\u00e3o-da-Covid-19_01-300x200.jpeg\" alt=\"\" width=\"300\" height=\"200\" srcset=\"https:\/\/folhadopirajucara.com.br\/wp-content\/uploads\/2021\/03\/A\u00e7\u00e3o-Educativa-da-Prefeitura-de-Tabo\u00e3o-da-Serra-orienta-comerciantes-e-popula\u00e7\u00e3o-no-combate-\u00e0-prolifera\u00e7\u00e3o-da-Covid-19_01-300x200.jpeg 300w, https:\/\/folhadopirajucara.com.br\/wp-content\/uploads\/2021\/03\/A\u00e7\u00e3o-Educativa-da-Prefeitura-de-Tabo\u00e3o-da-Serra-orienta-comerciantes-e-popula\u00e7\u00e3o-no-combate-\u00e0-prolifera\u00e7\u00e3o-da-Covid-19_01-768x512.jpeg 768w, https:\/\/folhadopirajucara.com.br\/wp-content\/uploads\/2021\/03\/A\u00e7\u00e3o-Educativa-da-Prefeitura-de-Tabo\u00e3o-da-Serra-orienta-comerciantes-e-popula\u00e7\u00e3o-no-combate-\u00e0-prolifera\u00e7\u00e3o-da-Covid-19_01-1024x683.jpeg 1024w, https:\/\/folhadopirajucara.com.br\/wp-content\/uploads\/2021\/03\/A\u00e7\u00e3o-Educativa-da-Prefeitura-de-Tabo\u00e3o-da-Serra-orienta-comerciantes-e-popula\u00e7\u00e3o-no-combate-\u00e0-prolifera\u00e7\u00e3o-da-Covid-19_01.jpeg 1869w\" sizes=\"(max-width: 300px) 100vw, 300px\" \/>A Prefeitura de Tabo\u00e3o da Serra realizou no \u00faltimo final de semana, uma A\u00e7\u00e3o Educativa com objetivo de conscientizar a popula\u00e7\u00e3o e comerciantes para combater a prolifera\u00e7\u00e3o da Covid-19, tendo em vista a piora nos \u00edndices de avan\u00e7o do coronav\u00edrus no Estado de S\u00e3o Paulo, o que levou o Governo a anunciar regras mais r\u00edgidas da quarentena.<\/p>\n<p>A Fiscaliza\u00e7\u00e3o de Posturas, da Secretaria da Fazenda, em parceria com a Guarda Civil Municipal realizou a\u00a0A\u00e7\u00e3o Educativa, que faz parte da opera\u00e7\u00e3o Sono Bom, onde foram distribu\u00eddos materiais informativos sobre as fases do plano S\u00e3o Paulo.<\/p>\n<p>Aos consumidores, os fiscais e os guardas civis municipais explicaram que Tabo\u00e3o da Serra, assim como v\u00e1rias cidades do Brasil, vive um momento cr\u00edtico da pandemia, e indicaram a import\u00e2ncia de permanecer em casa, evitar aglomera\u00e7\u00f5es, usar m\u00e1scaras de prote\u00e7\u00e3o e fazer higieniza\u00e7\u00e3o constante das m\u00e3os.<\/p>\n<p>O Governo de S\u00e3o Paulo anunciou na sexta-feira, dia 26\/02, a nova reclassifica\u00e7\u00e3o do Plano S\u00e3o Paulo de controle da pandemia, onde Tabo\u00e3o da Serra e as cidades vizinhas Embu das Artes, Itapecerica da Serra e regi\u00e3o regridem para a fase laranja. A medida come\u00e7ou a valer nesta segunda-feira, dia 1\u00ba.<\/p>\n<p>Uma das fiscais respons\u00e1veis pela opera\u00e7\u00e3o explicou que os estabelecimentos que estivam abertos depois do hor\u00e1rio permitido foram notificados e orientados a encerrarem as atividades imediatamente.\u00a0\u00a0O prefeito Apr\u00edgio faz apelo \u00e0 popula\u00e7\u00e3o para evitar aglomera\u00e7\u00f5es, ao sair de casa, n\u00e3o esquecer a m\u00e1scara de prote\u00e7\u00e3o e indica o uso constante de \u00e1lcool em gel.<\/p>\n<p>&nbsp;<\/p>\n<p>*por: Ana Rodrigues \/\/ fotos: Ian de Freitas\/PMTS<\/p>\n","protected":false},"excerpt":{"rendered":"<p>O munic\u00edpio regrediu \u00e0 fase laranja nesta segunda feira 01\/03 &nbsp; A Prefeitura de Tabo\u00e3o da Serra realizou no \u00faltimo<\/p>\n","protected":false},"author":3,"featured_media":3726,"comment_status":"open","ping_status":"open","sticky":false,"template":"","format":"standard","meta":{"footnotes":""},"categories":[1,4,10],"tags":[],"class_list":["post-3722","post","type-post","status-publish","format-standard","has-post-thumbnail","hentry","category-destaque","category-noticias","category-taboao-da-serra"],"_links":{"self":[{"href":"https:\/\/folhadopirajucara.com.br\/index.php\/wp-json\/wp\/v2\/posts\/3722"}],"collection":[{"href":"https:\/\/folhadopirajucara.com.br\/index.php\/wp-json\/wp\/v2\/posts"}],"about":[{"href":"https:\/\/folhadopirajucara.com.br\/index.php\/wp-json\/wp\/v2\/types\/post"}],"author":[{"embeddable":true,"href":"https:\/\/folhadopirajucara.com.br\/index.php\/wp-json\/wp\/v2\/users\/3"}],"replies":[{"embeddable":true,"href":"https:\/\/folhadopirajucara.com.br\/index.php\/wp-json\/wp\/v2\/comments?post=3722"}],"version-history":[{"count":0,"href":"https:\/\/folhadopirajucara.com.br\/index.php\/wp-json\/wp\/v2\/posts\/3722\/revisions"}],"wp:featuredmedia":[{"embeddable":true,"href":"https:\/\/folhadopirajucara.com.br\/index.php\/wp-json\/wp\/v2\/media\/3726"}],"wp:attachment":[{"href":"https:\/\/folhadopirajucara.com.br\/index.php\/wp-json\/wp\/v2\/media?parent=3722"}],"wp:term":[{"taxonomy":"category","embeddable":true,"href":"https:\/\/folhadopirajucara.com.br\/index.php\/wp-json\/wp\/v2\/categories?post=3722"},{"taxonomy":"post_tag","embeddable":true,"href":"https:\/\/folhadopirajucara.com.br\/index.php\/wp-json\/wp\/v2\/tags?post=3722"}],"curies":[{"name":"wp","href":"https:\/\/api.w.org\/{rel}","templated":true}]}}