{"id":3812,"date":"2021-03-05T11:21:14","date_gmt":"2021-03-05T14:21:14","guid":{"rendered":"http:\/\/folhadopirajucara.com.br\/?p=3812"},"modified":"2021-03-17T11:23:53","modified_gmt":"2021-03-17T14:23:53","slug":"senado-aprova-pec-da-chantagem-com-retirada-de-direitos-dos-servidores","status":"publish","type":"post","link":"https:\/\/folhadopirajucara.com.br\/index.php\/2021\/03\/05\/senado-aprova-pec-da-chantagem-com-retirada-de-direitos-dos-servidores\/","title":{"rendered":"Senado aprova \u201cPEC da chantagem\u201d com retirada de direitos dos servidores"},"content":{"rendered":"<blockquote>\n<p style=\"font-weight: 400; text-align: center;\"><strong><em>Coluna do Servidor \u2013 N\u00e3o h\u00e1 sociedade forte com funcionalismo p\u00fablico fraco<\/em><\/strong><\/p>\n<\/blockquote>\n<p>&nbsp;<\/p>\n<p>O Senado aprovou quinta-feira (4) a chamada Proposta de Emenda Constitucional 186\/19, a \u201cPEC Emergencial\u201d, que retira direitos dos servidores e autoriza o pagamento de Aux\u00edlio Emergencial R$ 250,00 por quatro meses.<\/p>\n<p>A PEC foi encaminhada pelo governo em 2019 sob a alega\u00e7\u00e3o de reduzir gastos p\u00fablicos na contram\u00e3o do que ocorre na parte desenvolvida do mundo. A proposta segue para C\u00e2mara dos Deputados, onde ter\u00e1 \u201crito acelerado\u201d.<\/p>\n<p>Diante da press\u00e3o do movimento sindical, que conquistou apoio de muitos senadores (as), o relator Marcio Bittar (MDB-AC) retirou da proposta de extin\u00e7\u00e3o dos repasses m\u00ednimos para os fundos constitucionais da sa\u00fade e educa\u00e7\u00e3o, alterando a determina\u00e7\u00e3o de tr\u00eas enquanto durar a calamidade, entre outros pontos importantes.<\/p>\n<p>\u201cEssa proposta vem no esteio de outras medidas, cujo objetivo \u00e9 extinguir direitos garantidos. E a retirada desses itens, n\u00e3o foram suficientes para excluir todas maldades da proposta, que continua sendo altamente prejudicial aos servidores p\u00fablicos e para o Estado brasileiro\u201d, afirma\u00a0 Lineu Neves Mazano, presidente do Sindicato dos Servidores P\u00fablicos do Estado de S. Paulo (Sispesp).<\/p>\n<p>Para viabilizar o Aux\u00edlio em 2021, a \u201cPEC Emergencial\u201d, permite que esse seja financiado com cr\u00e9ditos extraordin\u00e1rios, que n\u00e3o s\u00e3o limitados pelo teto de gastos. As despesas com o programa n\u00e3o ser\u00e3o contabilizadas para a meta de resultado fiscal prim\u00e1rio, tamb\u00e9m n\u00e3o ser\u00e3o afetadas pela chamada \u201cregra de ouro\u201d (mecanismo que pro\u00edbe o governo de fazer d\u00edvidas para pagar despesas correntes).<\/p>\n<p>As medidas de ajuste fiscal mantidas no texto incluem gatilhos de conten\u00e7\u00e3o de gastos para Uni\u00e3o, Estados e Munic\u00edpios. Na esfera federal, sempre que a rela\u00e7\u00e3o entre as despesas obrigat\u00f3rias sujeitas ao teto de gastos e as despesas totais supere 95%, os poderes Executivo, Legislativo e Judici\u00e1rio e o Minist\u00e9rio P\u00fablico dever\u00e3o vedar aumentos de sal\u00e1rio para o funcionalismo (congelamento salarial por dois anos), realiza\u00e7\u00e3o de concursos p\u00fablicos, cria\u00e7\u00e3o de despesas obrigat\u00f3rias e lan\u00e7amento de linhas de financiamento ou renegocia\u00e7\u00e3o de d\u00edvidas. Os Estados e munic\u00edpios est\u00e3o sujeitos \u00e0 mesma regra dos 95%, por\u00e9m apenas de forma facultativa.<\/p>\n<p>\u201cO governo se aproveita de um momento de fragilidade da sociedade brasileira devido \u00e0 pandemia e a urg\u00eancia de pagar Aux\u00edlio Emergencial, mas n\u00e3o os m\u00edseros R$ 250,00 proposto por ele, (nossa campanha \u00e9 que seja R$ 600,00), tudo isso para atacar o funcionalismo p\u00fablico. Porque, na verdade, ele quer promover um desmonte de todo o setor, prejudicando ainda mais a sociedade que necessita de bons servi\u00e7os p\u00fablicos\u201d, conclui o presidente do Sispesp.<\/p>\n<p>Acesse o site\u00a0<a href=\"http:\/\/sispesp.org.br\/\" data-saferedirecturl=\"https:\/\/www.google.com\/url?q=http:\/\/sispesp.org.br&amp;source=gmail&amp;ust=1616076754498000&amp;usg=AFQjCNG9NkIAKUywwd_e6984YlMCEyNQEA\">sispesp.org.br<\/a>\u00a0e saiba mais.<\/p>\n<p>&nbsp;<\/p>\n<p>*por: Cinthia Ribas\u00a0Assessora de Imprensa e Comunica\u00e7\u00e3o do Sispesp<\/p>\n<p style=\"font-weight: 400;\">*foto &#8211; Cr\u00e9dito: Waldemir Barreto\/Ag\u00eancia Senado &#8211; Direitos autorais: Senado Federal do Brasil<\/p>\n","protected":false},"excerpt":{"rendered":"<p>Coluna do Servidor \u2013 N\u00e3o h\u00e1 sociedade forte com funcionalismo p\u00fablico fraco &nbsp; O Senado aprovou quinta-feira (4) a chamada<\/p>\n","protected":false},"author":3,"featured_media":3813,"comment_status":"open","ping_status":"open","sticky":false,"template":"","format":"standard","meta":{"footnotes":""},"categories":[36,1,4],"tags":[],"class_list":["post-3812","post","type-post","status-publish","format-standard","has-post-thumbnail","hentry","category-coluna-do-servidor","category-destaque","category-noticias"],"_links":{"self":[{"href":"https:\/\/folhadopirajucara.com.br\/index.php\/wp-json\/wp\/v2\/posts\/3812"}],"collection":[{"href":"https:\/\/folhadopirajucara.com.br\/index.php\/wp-json\/wp\/v2\/posts"}],"about":[{"href":"https:\/\/folhadopirajucara.com.br\/index.php\/wp-json\/wp\/v2\/types\/post"}],"author":[{"embeddable":true,"href":"https:\/\/folhadopirajucara.com.br\/index.php\/wp-json\/wp\/v2\/users\/3"}],"replies":[{"embeddable":true,"href":"https:\/\/folhadopirajucara.com.br\/index.php\/wp-json\/wp\/v2\/comments?post=3812"}],"version-history":[{"count":0,"href":"https:\/\/folhadopirajucara.com.br\/index.php\/wp-json\/wp\/v2\/posts\/3812\/revisions"}],"wp:featuredmedia":[{"embeddable":true,"href":"https:\/\/folhadopirajucara.com.br\/index.php\/wp-json\/wp\/v2\/media\/3813"}],"wp:attachment":[{"href":"https:\/\/folhadopirajucara.com.br\/index.php\/wp-json\/wp\/v2\/media?parent=3812"}],"wp:term":[{"taxonomy":"category","embeddable":true,"href":"https:\/\/folhadopirajucara.com.br\/index.php\/wp-json\/wp\/v2\/categories?post=3812"},{"taxonomy":"post_tag","embeddable":true,"href":"https:\/\/folhadopirajucara.com.br\/index.php\/wp-json\/wp\/v2\/tags?post=3812"}],"curies":[{"name":"wp","href":"https:\/\/api.w.org\/{rel}","templated":true}]}}