{"id":3878,"date":"2021-03-25T20:11:31","date_gmt":"2021-03-25T23:11:31","guid":{"rendered":"http:\/\/folhadopirajucara.com.br\/?p=3878"},"modified":"2021-03-25T20:11:31","modified_gmt":"2021-03-25T23:11:31","slug":"prefeitura-de-embu-das-artes-antecipa-feriados-municipais","status":"publish","type":"post","link":"https:\/\/folhadopirajucara.com.br\/index.php\/2021\/03\/25\/prefeitura-de-embu-das-artes-antecipa-feriados-municipais\/","title":{"rendered":"Prefeitura de Embu das Artes antecipa feriados municipais"},"content":{"rendered":"<blockquote>\n<p style=\"text-align: center;\"><strong><em>De 26\/3 a 4 de abril, funcionar\u00e3o apenas servi\u00e7os essenciais<\/em><\/strong><\/p>\n<\/blockquote>\n<p>&nbsp;<\/p>\n<p>Como medida de enfretamento ao avan\u00e7o da pandemia de covid-19, a Prefeitura de Embu das Artes antecipou cinco feriados municipais, por meio do\u00a0<a href=\"http:\/\/cidadeembudasartes.sp.gov.br\/embu\/assets\/uploads\/portal\/not13070\/DECRETO_2167_Antecipac%CC%A7a%CC%83o_dos_Feriados.pdf\" target=\"_blank\" rel=\"noopener\" data-saferedirecturl=\"https:\/\/www.google.com\/url?q=http:\/\/cidadeembudasartes.sp.gov.br\/embu\/assets\/uploads\/portal\/not13070\/DECRETO_2167_Antecipac%25CC%25A7a%25CC%2583o_dos_Feriados.pdf&amp;source=gmail&amp;ust=1616798548504000&amp;usg=AFQjCNHNOMWaJEtAvDaBysnv-1Gqtrwv7g\">Decreto n\u00ba 2167, de 19 de mar\u00e7o de 2021<\/a>. S\u00e3o eles: 26 de mar\u00e7o \u2013 Dia da Padroeira Nossa Senhora do Ros\u00e1rio (7 de outubro de 2021), 29 de mar\u00e7o \u2013 Dia da Consci\u00eancia Negra (20 de novembro de 2021), 30 de mar\u00e7o \u2013 Anivers\u00e1rio de Emancipa\u00e7\u00e3o Pol\u00edtico-Administrativa (7 de outubro de 2022), 31 de mar\u00e7o \u2013 Dia da Padroeira Nossa Senhora do Ros\u00e1rio (7 de outubro de 2022) e 1\u00ba de abril \u2013 Feriado da Consci\u00eancia Negra (20 de novembro de 2022).<\/p>\n<p>Ao longo desses 10 dias, 26 de mar\u00e7o a 4 de abril, funcionar\u00e3o apenas servi\u00e7os essenciais, como pronto-socorros, Guarda Civil Municipal (GCM), servi\u00e7o funer\u00e1rio e SAMU. As feiras livres tamb\u00e9m v\u00e3o funcionar. A Feira de Artes e Artesanato continua suspensa e o Restaurante Popular estar\u00e1 fechado nesse per\u00edodo.<\/p>\n<p>Segundo a Federa\u00e7\u00e3o Brasileira de Bancos (Febraban), n\u00e3o haver\u00e1 atendimento presencial nas ag\u00eancias banc\u00e1rias. O atendimento ser\u00e1 de forma digital, via celular, internet e caixas eletr\u00f4nicos.<\/p>\n<p>Lembrando que j\u00e1 est\u00e3o em vigor diversas medidas de restri\u00e7\u00e3o.\u00a0<a href=\"https:\/\/leismunicipais.com.br\/a\/sp\/e\/embu-das-artes\/decreto\/2021\/216\/2159\/decreto-n-2159-2021-estabelece-medidas-de-restricao-as-atividades-com-potencial-aglomeracao-de-pessoas-como-forma-de-enfrentamento-e-combate-a-pandemia-da-covid-19-nos-moldes-da-fase-emergencial-do-plano-sao-paulo-de-retomada-consciente-da-economia-e-da-outras-providencias\" target=\"_blank\" rel=\"noopener\" data-saferedirecturl=\"https:\/\/www.google.com\/url?q=https:\/\/leismunicipais.com.br\/a\/sp\/e\/embu-das-artes\/decreto\/2021\/216\/2159\/decreto-n-2159-2021-estabelece-medidas-de-restricao-as-atividades-com-potencial-aglomeracao-de-pessoas-como-forma-de-enfrentamento-e-combate-a-pandemia-da-covid-19-nos-moldes-da-fase-emergencial-do-plano-sao-paulo-de-retomada-consciente-da-economia-e-da-outras-providencias&amp;source=gmail&amp;ust=1616798548504000&amp;usg=AFQjCNHPFebm880ws4VRdBvL3xHa4FvUqA\">Veja aqui.<\/a><\/p>\n<p>Se puder, fique em casa. N\u00e3o participe de aglomera\u00e7\u00f5es. Use m\u00e1scara, lave sempre as m\u00e3os e use \u00e1lcool em gel.<\/p>\n","protected":false},"excerpt":{"rendered":"<p>De 26\/3 a 4 de abril, funcionar\u00e3o apenas servi\u00e7os essenciais &nbsp; Como medida de enfretamento ao avan\u00e7o da pandemia de<\/p>\n","protected":false},"author":3,"featured_media":3879,"comment_status":"open","ping_status":"open","sticky":false,"template":"","format":"standard","meta":{"footnotes":""},"categories":[1,15,4],"tags":[],"class_list":["post-3878","post","type-post","status-publish","format-standard","has-post-thumbnail","hentry","category-destaque","category-embu-das-artes","category-noticias"],"_links":{"self":[{"href":"https:\/\/folhadopirajucara.com.br\/index.php\/wp-json\/wp\/v2\/posts\/3878"}],"collection":[{"href":"https:\/\/folhadopirajucara.com.br\/index.php\/wp-json\/wp\/v2\/posts"}],"about":[{"href":"https:\/\/folhadopirajucara.com.br\/index.php\/wp-json\/wp\/v2\/types\/post"}],"author":[{"embeddable":true,"href":"https:\/\/folhadopirajucara.com.br\/index.php\/wp-json\/wp\/v2\/users\/3"}],"replies":[{"embeddable":true,"href":"https:\/\/folhadopirajucara.com.br\/index.php\/wp-json\/wp\/v2\/comments?post=3878"}],"version-history":[{"count":0,"href":"https:\/\/folhadopirajucara.com.br\/index.php\/wp-json\/wp\/v2\/posts\/3878\/revisions"}],"wp:featuredmedia":[{"embeddable":true,"href":"https:\/\/folhadopirajucara.com.br\/index.php\/wp-json\/wp\/v2\/media\/3879"}],"wp:attachment":[{"href":"https:\/\/folhadopirajucara.com.br\/index.php\/wp-json\/wp\/v2\/media?parent=3878"}],"wp:term":[{"taxonomy":"category","embeddable":true,"href":"https:\/\/folhadopirajucara.com.br\/index.php\/wp-json\/wp\/v2\/categories?post=3878"},{"taxonomy":"post_tag","embeddable":true,"href":"https:\/\/folhadopirajucara.com.br\/index.php\/wp-json\/wp\/v2\/tags?post=3878"}],"curies":[{"name":"wp","href":"https:\/\/api.w.org\/{rel}","templated":true}]}}