{"id":3902,"date":"2021-03-30T23:07:57","date_gmt":"2021-03-31T02:07:57","guid":{"rendered":"http:\/\/folhadopirajucara.com.br\/?p=3902"},"modified":"2021-03-31T19:55:33","modified_gmt":"2021-03-31T22:55:33","slug":"itapecerica-decreta-calamidade-publica-e-prefeito-foge-das-perguntas-da-imprensa","status":"publish","type":"post","link":"https:\/\/folhadopirajucara.com.br\/index.php\/2021\/03\/30\/itapecerica-decreta-calamidade-publica-e-prefeito-foge-das-perguntas-da-imprensa\/","title":{"rendered":"Itapecerica decreta calamidade p\u00fablica e prefeito foge das perguntas da Imprensa"},"content":{"rendered":"<blockquote>\n<p style=\"text-align: center;\"><strong>O munic\u00edpio est\u00e1 com ocupa\u00e7\u00e3o de 100% dos leitos COVID nos dois prontos-socorros municipais e no HGIS<\/strong><\/p>\n<\/blockquote>\n<p>&nbsp;<\/p>\n<p><img loading=\"lazy\" decoding=\"async\" class=\"size-medium wp-image-3903 alignleft\" src=\"https:\/\/folhadopirajucara.com.br\/wp-content\/uploads\/2021\/03\/g_9_1_11_29032021163413-300x203.jpg\" alt=\"\" width=\"300\" height=\"203\" srcset=\"https:\/\/folhadopirajucara.com.br\/wp-content\/uploads\/2021\/03\/g_9_1_11_29032021163413-300x203.jpg 300w, https:\/\/folhadopirajucara.com.br\/wp-content\/uploads\/2021\/03\/g_9_1_11_29032021163413-768x520.jpg 768w, https:\/\/folhadopirajucara.com.br\/wp-content\/uploads\/2021\/03\/g_9_1_11_29032021163413.jpg 800w\" sizes=\"(max-width: 300px) 100vw, 300px\" \/>O prefeito de Itapecerica da Serra, Dr. Francisco Nakano (PL), no \u00faltimo dia 29\/03 convocou uma coletiva virtual, transmitida pela Google Meet, para falar sobre o agravamento da COVID-19 na cidade. Por\u00e9m, desprezando o papel da Imprensa, logo ap\u00f3s a coletiva encerrou a transmiss\u00e3o sem dar aos jornalistas o direito de questionamentos.<\/p>\n<p>&nbsp;<\/p>\n<p style=\"text-align: center;\"><strong>Calamidade P\u00fablica<\/strong><\/p>\n<p>&nbsp;<\/p>\n<p>Durante a coletiva, o prefeito decretou estado de calamidade p\u00fablica na cidade em fun\u00e7\u00e3o da covid-19.<\/p>\n<p>O prefeito afirmou que tomou a medida para chamar a aten\u00e7\u00e3o dos governos estadual e federal que segundo ele, n\u00e3o enviaram verba nenhuma para a cidade para auxiliar no combate \u00e0 doen\u00e7a. \u201c\u00c9 dif\u00edcil administrar um munic\u00edpio que tem problemas com ambul\u00e2ncias sucateadas. Tivemos que alugar ambul\u00e2ncias novas\u201d, disse.<\/p>\n<p>Nakano criticou o desrespeito \u00e0s medidas de isolamento social e afirmou que no final de semana houve aglomera\u00e7\u00f5es na represa e cachoeiras da cidade, e fez um apelo \u00e0 popula\u00e7\u00e3o. \u201cTemos trabalhado incansavelmente, por\u00e9m se n\u00e3o houver ajuda da popula\u00e7\u00e3o vamos entrar em um colapso al\u00e9m do que j\u00e1 estamos\u201d, alertou.<\/p>\n<p>&nbsp;<\/p>\n<p style=\"text-align: center;\"><strong>Sa\u00fade em colapso<\/strong><\/p>\n<p><strong>\u00a0<\/strong><\/p>\n<p>A coordenadora t\u00e9cnica da Autarquia de Sa\u00fade, Dra. Wanessa Geroma, informou que a sa\u00fade do munic\u00edpio est\u00e1 em colapso, com ocupa\u00e7\u00e3o de 100% dos leitos covid. \u201cEstamos no quarto dia com os dois Prontos-Socorros com 100% de ocupa\u00e7\u00e3o. Posso informar, com certeza, que o Hospital Geral de Itapecerica da Serra tamb\u00e9m j\u00e1 est\u00e1 com 100% de ocupa\u00e7\u00e3o\u201d, pontuou.<\/p>\n<p>De acordo com a Dra Wanessa, a prefeitura identificou como o bairros com mais infectados o Anal\u00e2ndia, Crispim e Jacira, que ter\u00e3o lavagem de ruas e circula\u00e7\u00e3o de carro de som com mensagem de conscientiza\u00e7\u00e3o.<\/p>\n<p>De acordo com a Autarquia, atualmente a faixa et\u00e1ria de 60 a 69 \u00e9 a que apresenta maior \u00edndice de mortalidade, e a de 30 a 39 anos, a taxa de infec\u00e7\u00e3o mais alta em Itapecerica da Serra.<\/p>\n<p>No boletim atualizado do coronav\u00edrus, o munic\u00edpio registra nesta segunda-feira, 4.798 casos confirmados e 227 \u00f3bitos por covid-19.<\/p>\n<p>\u201cA situa\u00e7\u00e3o \u00e9 bem cr\u00edtica. Precisamos que as pessoas sigam as medidas que est\u00e3o sendo adotadas. Se n\u00e3o houver colabora\u00e7\u00e3o, nossa situa\u00e7\u00e3o em breve ser\u00e1 ainda pior\u201d, garantiu o superintendente municipal de Sa\u00fade, Dr. Fl\u00e1vio Bergamaschi.<\/p>\n<p>&nbsp;<\/p>\n<p style=\"text-align: center;\"><strong>A\u00e7\u00f5es na cidade<\/strong><\/p>\n<p>&nbsp;<\/p>\n<p>A boa not\u00edcia \u00e9 que, o balan\u00e7o de vacinados na cidade comprovou que a imuniza\u00e7\u00e3o \u00e9 eficaz ao mostrar a queda das mortes de idosos com 80 anos ou mais.<\/p>\n<p>At\u00e9 o dia 26 de mar\u00e7o, 10.133 mun\u00edcipes j\u00e1 tinham recebido a 1\u00aa dose da vacina e 3.544 a 2\u00aa dose.<\/p>\n<p>&nbsp;<\/p>\n<p style=\"text-align: center;\"><strong>Oxig\u00eanio e insumos<\/strong><\/p>\n<p><strong>\u00a0<\/strong><\/p>\n<p>A Autarquia anunciou que para garantir o abastecimento de oxig\u00eanio, nesta ter\u00e7a-feira, dia 30\/03, a Secretaria de Obras iniciou a instala\u00e7\u00e3o de mais um tanque de oxig\u00eanio do Pronto Socorro Central com capacidade para 5 mil m3.<\/p>\n<p>Tamb\u00e9m foi informado que a prefeitura realizou compra emergencial de insumos.<\/p>\n<p>&nbsp;<\/p>\n<p style=\"text-align: center;\"><strong>Desprezo com a Imprensa<\/strong><\/p>\n<p>&nbsp;<\/p>\n<p>O prefeito disse ser contra hospital de campanha. \u201cNenhum munic\u00edpio est\u00e1 fazendo. Primeiro, por ser muito caro. Segundo, quem fez est\u00e1 com medo de fazer de novo, pelos pre\u00e7os exorbitantes, o Minist\u00e9rio P\u00fablico est\u00e1 cobrando a fatura agora\u201d, disse.<\/p>\n<p>Ap\u00f3s uma fala desconexa, o prefeito encerrou a coletiva sem que a imprensa pudesse apresentar qualquer pergunta.<\/p>\n<p>Assim, como os sites Click Regional, SP Rep\u00f3rter, Verbo Online, entre outros, a Folha do Piraju\u00e7ara repudia o prefeito Nakano, seu secret\u00e1rio de Governo, diretor de Comunica\u00e7\u00e3o, pela falta de respeito com que trataram a Imprensa.<\/p>\n<p>Todos os \u00f3rg\u00e3os de Imprensa foram informados cerca de meia hora antes sobre a coletiva. Os jornais impressos e sites da regi\u00e3o, acompanharam atentamente a suposta coletiva, que acabou se tornando uma transmiss\u00e3o institucional da prefeitura, sem que a Imprensa tivesse o sagrado direito de fazer seus questionamentos, dando aos seus leitores o direito de saber todos os lados da informa\u00e7\u00e3o e n\u00e3o apenas a vers\u00e3o oficial.<\/p>\n<p>&nbsp;<\/p>\n<p>*por: Eliane Souza<\/p>\n","protected":false},"excerpt":{"rendered":"<p>O munic\u00edpio est\u00e1 com ocupa\u00e7\u00e3o de 100% dos leitos COVID nos dois prontos-socorros municipais e no HGIS &nbsp; O prefeito<\/p>\n","protected":false},"author":3,"featured_media":3907,"comment_status":"open","ping_status":"open","sticky":false,"template":"","format":"standard","meta":{"footnotes":""},"categories":[1,16,4],"tags":[],"class_list":["post-3902","post","type-post","status-publish","format-standard","has-post-thumbnail","hentry","category-destaque","category-itapecerica-da-serra","category-noticias"],"_links":{"self":[{"href":"https:\/\/folhadopirajucara.com.br\/index.php\/wp-json\/wp\/v2\/posts\/3902"}],"collection":[{"href":"https:\/\/folhadopirajucara.com.br\/index.php\/wp-json\/wp\/v2\/posts"}],"about":[{"href":"https:\/\/folhadopirajucara.com.br\/index.php\/wp-json\/wp\/v2\/types\/post"}],"author":[{"embeddable":true,"href":"https:\/\/folhadopirajucara.com.br\/index.php\/wp-json\/wp\/v2\/users\/3"}],"replies":[{"embeddable":true,"href":"https:\/\/folhadopirajucara.com.br\/index.php\/wp-json\/wp\/v2\/comments?post=3902"}],"version-history":[{"count":0,"href":"https:\/\/folhadopirajucara.com.br\/index.php\/wp-json\/wp\/v2\/posts\/3902\/revisions"}],"wp:featuredmedia":[{"embeddable":true,"href":"https:\/\/folhadopirajucara.com.br\/index.php\/wp-json\/wp\/v2\/media\/3907"}],"wp:attachment":[{"href":"https:\/\/folhadopirajucara.com.br\/index.php\/wp-json\/wp\/v2\/media?parent=3902"}],"wp:term":[{"taxonomy":"category","embeddable":true,"href":"https:\/\/folhadopirajucara.com.br\/index.php\/wp-json\/wp\/v2\/categories?post=3902"},{"taxonomy":"post_tag","embeddable":true,"href":"https:\/\/folhadopirajucara.com.br\/index.php\/wp-json\/wp\/v2\/tags?post=3902"}],"curies":[{"name":"wp","href":"https:\/\/api.w.org\/{rel}","templated":true}]}}