{"id":3935,"date":"2021-04-05T18:19:51","date_gmt":"2021-04-05T21:19:51","guid":{"rendered":"http:\/\/folhadopirajucara.com.br\/?p=3935"},"modified":"2021-04-05T18:19:51","modified_gmt":"2021-04-05T21:19:51","slug":"centenario-de-taboao-vence-a-covid-19-e-deixa-mensagem-para-a-populacao","status":"publish","type":"post","link":"https:\/\/folhadopirajucara.com.br\/index.php\/2021\/04\/05\/centenario-de-taboao-vence-a-covid-19-e-deixa-mensagem-para-a-populacao\/","title":{"rendered":"Centen\u00e1rio de Tabo\u00e3o vence a Covid-19 e deixa mensagem para a popula\u00e7\u00e3o"},"content":{"rendered":"<blockquote>\n<p style=\"text-align: center;\"><strong>Ap\u00f3s 18 dias de interna\u00e7\u00e3o, Sr. Justiniano Modesto de 100 anos se recuperou da infec\u00e7\u00e3o do novo coronav\u00edrus e faz apelo para todos tomarem muito cuidado<\/strong><\/p>\n<\/blockquote>\n<p>&nbsp;<\/p>\n<p><img loading=\"lazy\" decoding=\"async\" class=\"size-medium wp-image-3936 alignleft\" src=\"https:\/\/folhadopirajucara.com.br\/wp-content\/uploads\/2021\/04\/Centen\u00e1rio-de-Tabo\u00e3o-vence-a-Covid-19-e-deixa-mensagem-para-a-popula\u00e7\u00e3o_01-180x300.jpeg\" alt=\"\" width=\"180\" height=\"300\" srcset=\"https:\/\/folhadopirajucara.com.br\/wp-content\/uploads\/2021\/04\/Centen\u00e1rio-de-Tabo\u00e3o-vence-a-Covid-19-e-deixa-mensagem-para-a-popula\u00e7\u00e3o_01-180x300.jpeg 180w, https:\/\/folhadopirajucara.com.br\/wp-content\/uploads\/2021\/04\/Centen\u00e1rio-de-Tabo\u00e3o-vence-a-Covid-19-e-deixa-mensagem-para-a-popula\u00e7\u00e3o_01-768x1280.jpeg 768w, https:\/\/folhadopirajucara.com.br\/wp-content\/uploads\/2021\/04\/Centen\u00e1rio-de-Tabo\u00e3o-vence-a-Covid-19-e-deixa-mensagem-para-a-popula\u00e7\u00e3o_01-614x1024.jpeg 614w, https:\/\/folhadopirajucara.com.br\/wp-content\/uploads\/2021\/04\/Centen\u00e1rio-de-Tabo\u00e3o-vence-a-Covid-19-e-deixa-mensagem-para-a-popula\u00e7\u00e3o_01.jpeg 1536w\" sizes=\"(max-width: 180px) 100vw, 180px\" \/>Em meio a tantas not\u00edcias tristes, perdas e luto, a Prefeitura de Tabo\u00e3o da Serra, atrav\u00e9s da Secretaria Municipal de Sa\u00fade, traz uma hist\u00f3ria de supera\u00e7\u00e3o, esperan\u00e7a e f\u00e9. O centen\u00e1rio Sr. Justiniano Modesto do Nascimento, morador do Jardim Maria Luiza, comemorou no \u00faltimo dia 26\/03, a vit\u00f3ria contra a Covid-19.<\/p>\n<p>A pandemia da Covid-19 para a fam\u00edlia do Sr. Justiniano foi mais do que n\u00fameros e estat\u00edsticas. A primeira a ser infectada foi a filha, Maria Celia de Souza Cardel, de 62 anos. Ela chegou a ser internada em outro munic\u00edpio e tamb\u00e9m conseguiu vencer o v\u00edrus.<\/p>\n<p>J\u00e1 a esposa do Sr. Justiniano, Adelina de Souza Cardel, que era acamada chegou a ser socorrida pelo SAMU no dia 12\/03, mas infelizmente faleceu na UPA \u00e0s 17h30, aos 89 anos. A fam\u00edlia conta que o mais doloroso foi fazer o sepultamento sem a presen\u00e7a da filha e do Sr. Justiniano.<\/p>\n<p>A luta do Sr. Justiniano contra a Covid-19 foi de 18 dias. Ele n\u00e3o precisou ser intubado, ficou em observa\u00e7\u00e3o por causa da idade e da satura\u00e7\u00e3o. Quando soube do falecimento de sua esposa ficou mais debilitado.<\/p>\n<p>Com um hist\u00f3rico de boa alimenta\u00e7\u00e3o e sem problemas de sa\u00fade, Sr. Justiniano tinha tomado a primeira dose da vacina contra a Covid-19. Nestes dias de interna\u00e7\u00e3o, conta que viu muitos jovens chegando em estado grave. \u201cTodos os dias presenciei a morte de pessoas que lutavam para respirar. Por isso, as pessoas que ainda n\u00e3o entenderam essa doen\u00e7a, precisam se cuidar\u201d, desabafa.<\/p>\n<p>No pr\u00f3ximo dia 25\/04, Sr. Justiniano completa 101 anos, com o maior presente: a vida! A neta Karina de Souza Cardeal Nunes Ferreira foi buscar o av\u00f4 Sr. Justino no dia da alta hospitalar e descreve a emo\u00e7\u00e3o. \u201cNo dia 26\/03 eu recebi uma das melhores not\u00edcias da minha vida, que meu av\u00f4 estava de alta! Nunca vou esquecer o rosto dele ao me ver. Aproveito tamb\u00e9m para agradecer todos os funcion\u00e1rios que tiveram muito cuidado minha av\u00f3 e com meu av\u00f4, eles tiveram um \u00f3timo atendimento e nos deram muito apoio ap\u00f3s a partida da minha av\u00f3. Gratid\u00e3o pelo servi\u00e7o que foi prestado\u201d, agradece a neta do Sr. Justiniano.<\/p>\n<p>&nbsp;<\/p>\n<p>*por: Renata Gomes PMTS \/\/ *foto: arquivo da fam\u00edlia<\/p>\n","protected":false},"excerpt":{"rendered":"<p>Ap\u00f3s 18 dias de interna\u00e7\u00e3o, Sr. Justiniano Modesto de 100 anos se recuperou da infec\u00e7\u00e3o do novo coronav\u00edrus e faz<\/p>\n","protected":false},"author":3,"featured_media":3937,"comment_status":"open","ping_status":"open","sticky":false,"template":"","format":"standard","meta":{"footnotes":""},"categories":[27,4,10],"tags":[],"class_list":["post-3935","post","type-post","status-publish","format-standard","has-post-thumbnail","hentry","category-destaque-2","category-noticias","category-taboao-da-serra"],"_links":{"self":[{"href":"https:\/\/folhadopirajucara.com.br\/index.php\/wp-json\/wp\/v2\/posts\/3935"}],"collection":[{"href":"https:\/\/folhadopirajucara.com.br\/index.php\/wp-json\/wp\/v2\/posts"}],"about":[{"href":"https:\/\/folhadopirajucara.com.br\/index.php\/wp-json\/wp\/v2\/types\/post"}],"author":[{"embeddable":true,"href":"https:\/\/folhadopirajucara.com.br\/index.php\/wp-json\/wp\/v2\/users\/3"}],"replies":[{"embeddable":true,"href":"https:\/\/folhadopirajucara.com.br\/index.php\/wp-json\/wp\/v2\/comments?post=3935"}],"version-history":[{"count":0,"href":"https:\/\/folhadopirajucara.com.br\/index.php\/wp-json\/wp\/v2\/posts\/3935\/revisions"}],"wp:featuredmedia":[{"embeddable":true,"href":"https:\/\/folhadopirajucara.com.br\/index.php\/wp-json\/wp\/v2\/media\/3937"}],"wp:attachment":[{"href":"https:\/\/folhadopirajucara.com.br\/index.php\/wp-json\/wp\/v2\/media?parent=3935"}],"wp:term":[{"taxonomy":"category","embeddable":true,"href":"https:\/\/folhadopirajucara.com.br\/index.php\/wp-json\/wp\/v2\/categories?post=3935"},{"taxonomy":"post_tag","embeddable":true,"href":"https:\/\/folhadopirajucara.com.br\/index.php\/wp-json\/wp\/v2\/tags?post=3935"}],"curies":[{"name":"wp","href":"https:\/\/api.w.org\/{rel}","templated":true}]}}