{"id":3955,"date":"2021-04-07T17:51:15","date_gmt":"2021-04-07T20:51:15","guid":{"rendered":"http:\/\/folhadopirajucara.com.br\/?p=3955"},"modified":"2021-04-07T17:51:15","modified_gmt":"2021-04-07T20:51:15","slug":"embu-das-artes-lanca-a-campanha-embu-imune-contra-a-fome-para-doacao-de-alimentos","status":"publish","type":"post","link":"https:\/\/folhadopirajucara.com.br\/index.php\/2021\/04\/07\/embu-das-artes-lanca-a-campanha-embu-imune-contra-a-fome-para-doacao-de-alimentos\/","title":{"rendered":"Embu das Artes lan\u00e7a a campanha \u2018Embu imune contra a fome\u2019 para doa\u00e7\u00e3o de alimentos"},"content":{"rendered":"<blockquote>\n<p class=\"news-secondary\" style=\"text-align: center;\"><strong>A doa\u00e7\u00e3o volunt\u00e1ria acontece durante a imuniza\u00e7\u00e3o contra a covid-19, quem for se vacinar est\u00e1 convidado a doar um quilo de alimento n\u00e3o perec\u00edvel<\/strong><\/p>\n<\/blockquote>\n<p>&nbsp;<\/p>\n<p>Na segunda-feira, dia 05\/04, o prefeito de Embu das Artes, Ney Santos, lan\u00e7ou a campanha \u2018Embu imune contra a fome\u2019, que visa arrecadar alimentos para a popula\u00e7\u00e3o em situa\u00e7\u00e3o de vulnerabilidade. A doa\u00e7\u00e3o volunt\u00e1ria acontece durante a imuniza\u00e7\u00e3o contra a covid-19, quem for se vacinar est\u00e1 convidado a doar um quilo de alimento n\u00e3o perec\u00edvel.<\/p>\n<p>A campanha foi lan\u00e7ada pela Secretaria de Desenvolvimento Social de Embu das Artes. \u201cDesde que iniciamos esta guerra contra a pandemia temos trabalhado muito para preservar a vida da nossa popula\u00e7\u00e3o. Agora, em mais uma a\u00e7\u00e3o de solidariedade e amor ao pr\u00f3ximo, iniciamos a campanha \u2018Embu imune contra a fome\u2019. A meta \u00e9 imunizar a nossa popula\u00e7\u00e3o e arrecadar alimentos n\u00e3o perec\u00edveis que atender\u00e3o as fam\u00edlias embuenses que passam por situa\u00e7\u00e3o de vulnerabilidade. Vamos juntos vencer esta pandemia e a fome. \u00c9 vacina para voc\u00ea e comida na mesa de quem mais precisa\u201d, declarou a secret\u00e1ria da pasta, Ely Santos.<\/p>\n<p>O prefeito Ney Santos tamb\u00e9m falou sobre a campanha. \u201cVacina para voc\u00ea e alimento para quem precisa. Fa\u00e7a parte desta grande campanha de solidariedade. Quando voc\u00ea que tem 68 anos ou mais vier se vacinar, traga um quilo de alimento n\u00e3o perec\u00edvel para ajudar quem precisa neste momento t\u00e3o dif\u00edcil. Quero agradecer a parceria da minha Irm\u00e3 Ely Santos, Secret\u00e1ria de Desenvolvimento Social, neste grande movimento em prol de quem precisa. A doa\u00e7\u00e3o n\u00e3o \u00e9 obrigat\u00f3ria, mas contamos com voc\u00ea\u201d, disse o gestor.<\/p>\n<p><strong>Vacina\u00e7\u00e3o<\/strong><\/p>\n<p>Embu das Artes est\u00e1 vacinando idosos com 68 anos ou mais. Para receber o imunizante \u00e9 necess\u00e1rio fazer o agendamento no site<br \/>\n<a href=\"http:\/\/embudasartesportal.sissonline.com.br\/\">Embudasartesportal.sissonline.com.br<\/a>\u00a0e o cadastro pr\u00e9vio no site\u00a0<a href=\"http:\/\/vacinaja.sp.gov.br\/\">http:\/\/vacinaja.sp.gov.br<\/a>\u00a0\u00e9 obrigat\u00f3rio.<\/p>\n<p>Quem n\u00e3o possui acesso \u00e0 internet deve comparecer a uma de nossas Unidades B\u00e1sicas de Sa\u00fade com documentos pessoais (com foto), cart\u00e3o SUS, carteira de vacina\u00e7\u00e3o e comprovante de resid\u00eancia.<\/p>\n<p>Para se vacinar, \u00e9 necess\u00e1rio apresentar RG\/CPF, cart\u00e3o do SUS, carteira de vacina\u00e7\u00e3o e comprovante de resid\u00eancia em Embu das Artes (em nome da pessoa a ser vacinada).<\/p>\n<p>O munic\u00edpio conta com tr\u00eas postos de vacina\u00e7\u00e3o, de segunda a s\u00e1bado, das 9h \u00e0s 17h, inclusive feriados.<\/p>\n<p>Os postos de vacina\u00e7\u00e3o tamb\u00e9m est\u00e3o recebendo os alimentos doados espontaneamente para a campanha \u2018Embu imune contra a fome\u2019.<\/p>\n<p>&nbsp;<\/p>\n<p style=\"text-align: center;\"><strong>Servi\u00e7o<\/strong><\/p>\n<p>&nbsp;<\/p>\n<p>Drive-Thru:<br \/>\nParque do Lago Francisco Rizzo \u2013 Rua rua Alberto Giosa, 390, Quinha\u00fa<\/p>\n<p>Presencial:<br \/>\nEst\u00e1dio Herm\u00ednio Esp\u00f3sito \u2013 Alameda Fernando Batista Medina, 120 \u2013 Centro<\/p>\n<p>UBS Independ\u00eancia \u2013 Estrada de Constantinopla, 1200<\/p>\n<p>Todos os postos funcionam de segunda a s\u00e1bado, das 9h \u00e0s 17h, inclusive feriados.<\/p>\n<p>&nbsp;<\/p>\n<p style=\"text-align: center;\"><strong>Campanha \u2018Embu imune contra a fome\u2019<\/strong><\/p>\n<p>&nbsp;<\/p>\n<p>Locais de arrecada\u00e7\u00e3o: sede da prefeitura, UBSs e postos de vacina\u00e7\u00e3o contra a covid-19<\/p>\n","protected":false},"excerpt":{"rendered":"<p>A doa\u00e7\u00e3o volunt\u00e1ria acontece durante a imuniza\u00e7\u00e3o contra a covid-19, quem for se vacinar est\u00e1 convidado a doar um quilo<\/p>\n","protected":false},"author":3,"featured_media":3956,"comment_status":"open","ping_status":"open","sticky":false,"template":"","format":"standard","meta":{"footnotes":""},"categories":[1,15,4],"tags":[],"class_list":["post-3955","post","type-post","status-publish","format-standard","has-post-thumbnail","hentry","category-destaque","category-embu-das-artes","category-noticias"],"_links":{"self":[{"href":"https:\/\/folhadopirajucara.com.br\/index.php\/wp-json\/wp\/v2\/posts\/3955"}],"collection":[{"href":"https:\/\/folhadopirajucara.com.br\/index.php\/wp-json\/wp\/v2\/posts"}],"about":[{"href":"https:\/\/folhadopirajucara.com.br\/index.php\/wp-json\/wp\/v2\/types\/post"}],"author":[{"embeddable":true,"href":"https:\/\/folhadopirajucara.com.br\/index.php\/wp-json\/wp\/v2\/users\/3"}],"replies":[{"embeddable":true,"href":"https:\/\/folhadopirajucara.com.br\/index.php\/wp-json\/wp\/v2\/comments?post=3955"}],"version-history":[{"count":0,"href":"https:\/\/folhadopirajucara.com.br\/index.php\/wp-json\/wp\/v2\/posts\/3955\/revisions"}],"wp:featuredmedia":[{"embeddable":true,"href":"https:\/\/folhadopirajucara.com.br\/index.php\/wp-json\/wp\/v2\/media\/3956"}],"wp:attachment":[{"href":"https:\/\/folhadopirajucara.com.br\/index.php\/wp-json\/wp\/v2\/media?parent=3955"}],"wp:term":[{"taxonomy":"category","embeddable":true,"href":"https:\/\/folhadopirajucara.com.br\/index.php\/wp-json\/wp\/v2\/categories?post=3955"},{"taxonomy":"post_tag","embeddable":true,"href":"https:\/\/folhadopirajucara.com.br\/index.php\/wp-json\/wp\/v2\/tags?post=3955"}],"curies":[{"name":"wp","href":"https:\/\/api.w.org\/{rel}","templated":true}]}}