{"id":3978,"date":"2021-04-12T20:22:45","date_gmt":"2021-04-12T23:22:45","guid":{"rendered":"http:\/\/folhadopirajucara.com.br\/?p=3978"},"modified":"2021-04-12T20:22:45","modified_gmt":"2021-04-12T23:22:45","slug":"editorial-folha-do-pirajucara-edicao-860-itapecerica-da-serra-e-o-prefeito-maluquinho","status":"publish","type":"post","link":"https:\/\/folhadopirajucara.com.br\/index.php\/2021\/04\/12\/editorial-folha-do-pirajucara-edicao-860-itapecerica-da-serra-e-o-prefeito-maluquinho\/","title":{"rendered":"Editorial Folha do Piraju\u00e7ara edi\u00e7\u00e3o 860: Itapecerica da Serra e o \u201cprefeito maluquinho\u201d"},"content":{"rendered":"<p>Como amigo eu sei que ele \u00e9 um excelente m\u00e9dico e um grande homem de car\u00e1ter. Por\u00e9m, como gestor municipal de Itapecerica da Serra, e as suas rec\u00e9m atitudes, ele parece estar se comportando muito mais como um \u201cprefeito maluquinho\u201d.<\/p>\n<p>Com muita preocupa\u00e7\u00e3o e ares de responsabilidade, ele decretou calamidade p\u00fablica em Itapecerica da Serra. A motiva\u00e7\u00e3o foi mais do que justa, afinal Itapecerica da Serra passa por um colapso na Sa\u00fade devido ao COVID 19.<\/p>\n<p>Pressionado por importantes comerciantes da cidade, e sem medir as consequ\u00eancias do seu gesto, ele autorizou a veicula\u00e7\u00e3o, entre os dias 03 e 04\/04, de uma pe\u00e7a Institucional anunciando que Itapecerica da Serra estava na fase laranja.<\/p>\n<p>Com a grande repercuss\u00e3o negativa da opini\u00e3o p\u00fablica, principalmente pelas redes sociais, ele foi obrigado a decretar no dia 06\/04 a fase vermelha em Itapecerica da Serra.<\/p>\n<p>Esta falta de determina\u00e7\u00e3o do sr. Prefeito, aliada a assessores mal informados ou despreparados para a fun\u00e7\u00e3o que exercem ou, ainda, movidos pela soberba, arrog\u00e2ncia e prepot\u00eancia, passam para todos os itapecericanos a imagem de um \u201cprefeito maluquinho\u201d.<\/p>\n<p>Ao amigo prefeito gostaria de falar sobre uma realidade do Jap\u00e3o Imperial. Dizem que naquela \u00e9poca quando o Imperador n\u00e3o tinha pulso, e a Imperatriz s\u00f3 sabia agir olhando para o espelho, quem padecia era o povo.<\/p>\n<p>Enfim, nem sempre quem lhe sorri \u00e9 seu amigo e nem sempre quem lhe critica quer seu mal.<\/p>\n<p>&nbsp;<\/p>\n<p>&nbsp;<\/p>\n<p>M\u00e1rio Aparecido de Souza<\/p>\n<p>Editor e jornalista<\/p>\n","protected":false},"excerpt":{"rendered":"<p>Como amigo eu sei que ele \u00e9 um excelente m\u00e9dico e um grande homem de car\u00e1ter. Por\u00e9m, como gestor municipal<\/p>\n","protected":false},"author":3,"featured_media":3979,"comment_status":"open","ping_status":"open","sticky":false,"template":"","format":"standard","meta":{"footnotes":""},"categories":[1,2,4],"tags":[],"class_list":["post-3978","post","type-post","status-publish","format-standard","has-post-thumbnail","hentry","category-destaque","category-editorial","category-noticias"],"_links":{"self":[{"href":"https:\/\/folhadopirajucara.com.br\/index.php\/wp-json\/wp\/v2\/posts\/3978"}],"collection":[{"href":"https:\/\/folhadopirajucara.com.br\/index.php\/wp-json\/wp\/v2\/posts"}],"about":[{"href":"https:\/\/folhadopirajucara.com.br\/index.php\/wp-json\/wp\/v2\/types\/post"}],"author":[{"embeddable":true,"href":"https:\/\/folhadopirajucara.com.br\/index.php\/wp-json\/wp\/v2\/users\/3"}],"replies":[{"embeddable":true,"href":"https:\/\/folhadopirajucara.com.br\/index.php\/wp-json\/wp\/v2\/comments?post=3978"}],"version-history":[{"count":0,"href":"https:\/\/folhadopirajucara.com.br\/index.php\/wp-json\/wp\/v2\/posts\/3978\/revisions"}],"wp:featuredmedia":[{"embeddable":true,"href":"https:\/\/folhadopirajucara.com.br\/index.php\/wp-json\/wp\/v2\/media\/3979"}],"wp:attachment":[{"href":"https:\/\/folhadopirajucara.com.br\/index.php\/wp-json\/wp\/v2\/media?parent=3978"}],"wp:term":[{"taxonomy":"category","embeddable":true,"href":"https:\/\/folhadopirajucara.com.br\/index.php\/wp-json\/wp\/v2\/categories?post=3978"},{"taxonomy":"post_tag","embeddable":true,"href":"https:\/\/folhadopirajucara.com.br\/index.php\/wp-json\/wp\/v2\/tags?post=3978"}],"curies":[{"name":"wp","href":"https:\/\/api.w.org\/{rel}","templated":true}]}}