{"id":3985,"date":"2021-04-14T20:40:24","date_gmt":"2021-04-14T23:40:24","guid":{"rendered":"http:\/\/folhadopirajucara.com.br\/?p=3985"},"modified":"2021-04-14T20:40:24","modified_gmt":"2021-04-14T23:40:24","slug":"taboaoprev-apresenta-balanco-financeiro-de-2020-durante-audiencia-publica","status":"publish","type":"post","link":"https:\/\/folhadopirajucara.com.br\/index.php\/2021\/04\/14\/taboaoprev-apresenta-balanco-financeiro-de-2020-durante-audiencia-publica\/","title":{"rendered":"Tabo\u00e3oPrev apresenta balan\u00e7o financeiro de 2020 durante Audi\u00eancia P\u00fablica"},"content":{"rendered":"<p><img loading=\"lazy\" decoding=\"async\" class=\"size-medium wp-image-3986 alignleft\" src=\"https:\/\/folhadopirajucara.com.br\/wp-content\/uploads\/2021\/04\/audiencia__taboaprev__14abril2021__rvaz_618567-300x200.jpeg\" alt=\"\" width=\"300\" height=\"200\" srcset=\"https:\/\/folhadopirajucara.com.br\/wp-content\/uploads\/2021\/04\/audiencia__taboaprev__14abril2021__rvaz_618567-300x200.jpeg 300w, https:\/\/folhadopirajucara.com.br\/wp-content\/uploads\/2021\/04\/audiencia__taboaprev__14abril2021__rvaz_618567-768x512.jpeg 768w, https:\/\/folhadopirajucara.com.br\/wp-content\/uploads\/2021\/04\/audiencia__taboaprev__14abril2021__rvaz_618567-1024x682.jpeg 1024w, https:\/\/folhadopirajucara.com.br\/wp-content\/uploads\/2021\/04\/audiencia__taboaprev__14abril2021__rvaz_618567.jpeg 1280w\" sizes=\"(max-width: 300px) 100vw, 300px\" \/>A Autarquia Previdenci\u00e1ria do Munic\u00edpio de Tabo\u00e3o da Serra (Tabo\u00e3oPrev), apresentou durante Audi\u00eancia P\u00fablica realizada nesta quarta-feira, 14\/04, na C\u00e2mara Municipal o balan\u00e7o financeiro da institui\u00e7\u00e3o correspondente ao exerc\u00edcio de 2020.<\/p>\n<p>O presidente da Comiss\u00e3o de Finan\u00e7as da C\u00e2mara Municipal de Tabo\u00e3o, vereador Dr. Ronaldo Onishi, explicou que essa presta\u00e7\u00e3o de contas n\u00e3o foi feita o ano passado devido \u00e0 pandemia.<\/p>\n<p>\u201cEm 2020 a C\u00e2mara Municipal n\u00e3o realizou nenhuma Audi\u00eancia P\u00fablica para presta\u00e7\u00e3o de contas da Tabo\u00e3oPrev por conta do Covid-19, por isso realizamos hoje essa audi\u00eancia. A presta\u00e7\u00e3o de contas do 1\u00ba trimestre de 2021 da Autarquia ser\u00e1 realizada em uma data em breve\u201d, disse o vereador.<\/p>\n<p>O vereador lembrou a import\u00e2ncia das audi\u00eancias para que o servidor municipal possa saber como est\u00e1 a sa\u00fade financeira da Tabo\u00e3oPrev. \u201cHoje estamos aqui entender como est\u00e1 o fundo de pens\u00e3o do funcionalismo, seus principais investimentos e se o acordo de suspens\u00e3o do ano passo foi cumprido\u201d, enfatizou o vereador Dr. Ronaldo Onishi.<\/p>\n<p>Para a superintendente da Tabo\u00e3oPrev, Eliana Bendini, a audi\u00eancia \u00e9 importante uma vez que a autarquia \u00e9 respons\u00e1vel pelo fundo de pens\u00e3o do funcionalismo p\u00fablico de Tabo\u00e3o da Serra. \u201cEstamos aqui fazendo a presta\u00e7\u00e3o de contas de 2020 deixando tudo transparente aos servidores. Eles precisam saber como est\u00e1 \u00e0 sa\u00fade financeira desta autarquia uma vez que o maior patrim\u00f4nio do servidor \u00e9 o fundo previdenci\u00e1rio\u201d, ressaltou Dra. Eliana.<\/p>\n<p>O vereador Dr. Ronaldo Onishi destacou a evolu\u00e7\u00e3o financeira da Tabo\u00e3oPrev de 2018\/2020. \u201cEm 2018 a autarquia contava com R$ 588 milh\u00f5es, 2019 R$ 710 milh\u00f5es de reais e em 2020 foi de R$ 734 milh\u00f5es. \u00c9 certo que 2021 os n\u00fameros s\u00e3o bem maiores\u201d, comentou o vereador.<\/p>\n<p>\u00c9 importante ressaltar que a audi\u00eancia atende a Lei n\u00ba 1979\/2020 e todo o conte\u00fado da presta\u00e7\u00e3o de contas de 2020 est\u00e1 no site: www.taboaoprev.com.br.<\/p>\n<p>A Audi\u00eancia P\u00fablica de Finan\u00e7as foi realizada de forma h\u00edbrida, seguindo todos os crit\u00e9rios de distanciamento no combate ao Covid-19 e transmitida via You Tube atrav\u00e9s do link:\u00a0 <a href=\"https:\/\/www.youtube.com\/channel\/UCAFmU9INqUs3CD420E2nhug\">https:\/\/www.youtube.com\/channel\/UCAFmU9INqUs3CD420E2nhug<\/a>, onde pode ser acessada a qualquer momento.<\/p>\n<p>Participaram da Audi\u00eancia o vice-presidente da Comiss\u00e3o de Finan\u00e7as, vereador Marcos Paulo, a superintende da Tabo\u00e3oprev, Eliana Bendini, o diretor, Daniel Cesar e a servidora da autarquia, Juliana Flores.<\/p>\n<p>&nbsp;<\/p>\n<p>*fonte:\u00a0Assessoria de Imprensa da C\u00e2mara Municipal de Tabo\u00e3o da Serra \/\/ *foto: Ricardo Vaz<\/p>\n","protected":false},"excerpt":{"rendered":"<p>A Autarquia Previdenci\u00e1ria do Munic\u00edpio de Tabo\u00e3o da Serra (Tabo\u00e3oPrev), apresentou durante Audi\u00eancia P\u00fablica realizada nesta quarta-feira, 14\/04, na C\u00e2mara<\/p>\n","protected":false},"author":3,"featured_media":3987,"comment_status":"open","ping_status":"open","sticky":false,"template":"","format":"standard","meta":{"footnotes":""},"categories":[1,4,10],"tags":[],"class_list":["post-3985","post","type-post","status-publish","format-standard","has-post-thumbnail","hentry","category-destaque","category-noticias","category-taboao-da-serra"],"_links":{"self":[{"href":"https:\/\/folhadopirajucara.com.br\/index.php\/wp-json\/wp\/v2\/posts\/3985"}],"collection":[{"href":"https:\/\/folhadopirajucara.com.br\/index.php\/wp-json\/wp\/v2\/posts"}],"about":[{"href":"https:\/\/folhadopirajucara.com.br\/index.php\/wp-json\/wp\/v2\/types\/post"}],"author":[{"embeddable":true,"href":"https:\/\/folhadopirajucara.com.br\/index.php\/wp-json\/wp\/v2\/users\/3"}],"replies":[{"embeddable":true,"href":"https:\/\/folhadopirajucara.com.br\/index.php\/wp-json\/wp\/v2\/comments?post=3985"}],"version-history":[{"count":0,"href":"https:\/\/folhadopirajucara.com.br\/index.php\/wp-json\/wp\/v2\/posts\/3985\/revisions"}],"wp:featuredmedia":[{"embeddable":true,"href":"https:\/\/folhadopirajucara.com.br\/index.php\/wp-json\/wp\/v2\/media\/3987"}],"wp:attachment":[{"href":"https:\/\/folhadopirajucara.com.br\/index.php\/wp-json\/wp\/v2\/media?parent=3985"}],"wp:term":[{"taxonomy":"category","embeddable":true,"href":"https:\/\/folhadopirajucara.com.br\/index.php\/wp-json\/wp\/v2\/categories?post=3985"},{"taxonomy":"post_tag","embeddable":true,"href":"https:\/\/folhadopirajucara.com.br\/index.php\/wp-json\/wp\/v2\/tags?post=3985"}],"curies":[{"name":"wp","href":"https:\/\/api.w.org\/{rel}","templated":true}]}}