{"id":4218,"date":"2021-06-04T19:40:25","date_gmt":"2021-06-04T22:40:25","guid":{"rendered":"http:\/\/folhadopirajucara.com.br\/?p=4218"},"modified":"2021-06-04T19:40:25","modified_gmt":"2021-06-04T22:40:25","slug":"inscricoes-para-o-prospera-familia-vao-ate-dia-11-de-junho-em-embu-das-artes","status":"publish","type":"post","link":"https:\/\/folhadopirajucara.com.br\/index.php\/2021\/06\/04\/inscricoes-para-o-prospera-familia-vao-ate-dia-11-de-junho-em-embu-das-artes\/","title":{"rendered":"Inscri\u00e7\u00f5es para o Prospera Fam\u00edlia v\u00e3o at\u00e9 dia 11 de junho em Embu das Artes"},"content":{"rendered":"<p>A Prefeitura de Embu das Artes, por meio da Secretaria de Desenvolvimento Social, prorroga at\u00e9 11 de junho as inscri\u00e7\u00f5es para o Prospera Fam\u00edlia, um programa estadual de gera\u00e7\u00e3o de renda, autonomia e mobilidade social por meio de acesso ao mercado de trabalho. S\u00e3o 1.860 vagas para fam\u00edlias da cidade que cumpram os seguintes crit\u00e9rios: ter apenas um dos pais ou respons\u00e1veis presentes (Ex: m\u00e3e ou pai solteiro, vi\u00fava(o), av\u00f3\/tia\/irm\u00e3o respons\u00e1veis pela fam\u00edlia e outros), ter pelo menos um filho ou dependente de 0 a 6 anos, e renda familiar de at\u00e9 R$ 89 por pessoa.<br \/>\nPara participar, \u00e9 necess\u00e1rio estar inscrito no Cadastro \u00danico como respons\u00e1vel familiar (RF). Quem deseja concorrer a uma vaga e ainda n\u00e3o est\u00e1 no Cad\u00danico, pode fazer a inscri\u00e7\u00e3o desde que cumpra todos os crit\u00e9rios. Al\u00e9m de forma\u00e7\u00e3o para o emprego, empreendedorismo e habilidades socioemocionais, o benefici\u00e1rio recebe incentivo financeiro para custear as despesas de casa e para investir no seu neg\u00f3cio ou carreira.<\/p>\n<p>Fa\u00e7a\u00a0<a href=\"https:\/\/portal.seds.sp.gov.br\/prospera\" target=\"_blank\" rel=\"noopener\">aqui\u00a0<\/a>sua inscri\u00e7\u00e3o<\/p>\n<p>O ciclo de forma\u00e7\u00e3o \u00e9 baseado em tr\u00eas etapas:<\/p>\n<p>Projeto de Vida e Tutoria &#8211; Elabora\u00e7\u00e3o de um plano de futuro combinando planos pessoais, profissionais, sociais e financeiros, acompanhado de um tutor que apoia essa elabora\u00e7\u00e3o;<br \/>\nCapacita\u00e7\u00e3o T\u00e9cnica &#8211; Cursos t\u00e9cnicos para o trabalho e empreendedorismo conforme o Projeto de Vida;<br \/>\nIncentivo Financeiro &#8211; Recurso para apoiar o benefici\u00e1rio durante a realiza\u00e7\u00e3o do Prospera e como impulso ap\u00f3s a conclus\u00e3o do programa.<br \/>\nAs aulas de capacita\u00e7\u00e3o ser\u00e3o realizadas no pr\u00f3prio munic\u00edpio ou nas imedia\u00e7\u00f5es por parceiros da Secretaria Estadual de Desenvolvimento Social. O programa acontecer\u00e1, em m\u00e9dia, duas vezes por semana, em encontros em grupo com dura\u00e7\u00e3o de at\u00e9 2 horas por atividade, e vai de agosto de 2021 a mar\u00e7o de 2022, aproximadamente. Para se inscrever, basta que o interessado agende atendimento no Centro de Refer\u00eancia de Assist\u00eancia Social (CRAS) mais pr\u00f3ximo da sua resid\u00eancia.<\/p>\n","protected":false},"excerpt":{"rendered":"<p>A Prefeitura de Embu das Artes, por meio da Secretaria de Desenvolvimento Social, prorroga at\u00e9 11 de junho as inscri\u00e7\u00f5es<\/p>\n","protected":false},"author":3,"featured_media":4219,"comment_status":"open","ping_status":"open","sticky":false,"template":"","format":"standard","meta":{"footnotes":""},"categories":[1,15,4],"tags":[],"class_list":["post-4218","post","type-post","status-publish","format-standard","has-post-thumbnail","hentry","category-destaque","category-embu-das-artes","category-noticias"],"_links":{"self":[{"href":"https:\/\/folhadopirajucara.com.br\/index.php\/wp-json\/wp\/v2\/posts\/4218"}],"collection":[{"href":"https:\/\/folhadopirajucara.com.br\/index.php\/wp-json\/wp\/v2\/posts"}],"about":[{"href":"https:\/\/folhadopirajucara.com.br\/index.php\/wp-json\/wp\/v2\/types\/post"}],"author":[{"embeddable":true,"href":"https:\/\/folhadopirajucara.com.br\/index.php\/wp-json\/wp\/v2\/users\/3"}],"replies":[{"embeddable":true,"href":"https:\/\/folhadopirajucara.com.br\/index.php\/wp-json\/wp\/v2\/comments?post=4218"}],"version-history":[{"count":0,"href":"https:\/\/folhadopirajucara.com.br\/index.php\/wp-json\/wp\/v2\/posts\/4218\/revisions"}],"wp:featuredmedia":[{"embeddable":true,"href":"https:\/\/folhadopirajucara.com.br\/index.php\/wp-json\/wp\/v2\/media\/4219"}],"wp:attachment":[{"href":"https:\/\/folhadopirajucara.com.br\/index.php\/wp-json\/wp\/v2\/media?parent=4218"}],"wp:term":[{"taxonomy":"category","embeddable":true,"href":"https:\/\/folhadopirajucara.com.br\/index.php\/wp-json\/wp\/v2\/categories?post=4218"},{"taxonomy":"post_tag","embeddable":true,"href":"https:\/\/folhadopirajucara.com.br\/index.php\/wp-json\/wp\/v2\/tags?post=4218"}],"curies":[{"name":"wp","href":"https:\/\/api.w.org\/{rel}","templated":true}]}}