{"id":425,"date":"2018-08-21T16:07:20","date_gmt":"2018-08-21T18:07:20","guid":{"rendered":"http:\/\/folhadopirajucara.com.br\/?p=425"},"modified":"2018-08-21T16:07:20","modified_gmt":"2018-08-21T18:07:20","slug":"taboao-tera-show-de-padre-fabio-de-melo-no-dia-26","status":"publish","type":"post","link":"https:\/\/folhadopirajucara.com.br\/index.php\/2018\/08\/21\/taboao-tera-show-de-padre-fabio-de-melo-no-dia-26\/","title":{"rendered":"Tabo\u00e3o ter\u00e1 Show de padre F\u00e1bio de Melo no dia 26"},"content":{"rendered":"<p><img loading=\"lazy\" decoding=\"async\" class=\"size-medium wp-image-426 alignleft\" src=\"https:\/\/folhadopirajucara.com.br\/wp-content\/uploads\/2018\/08\/fabiodemelo-300x225.jpg\" alt=\"\" width=\"300\" height=\"225\" srcset=\"https:\/\/folhadopirajucara.com.br\/wp-content\/uploads\/2018\/08\/fabiodemelo-300x225.jpg 300w, https:\/\/folhadopirajucara.com.br\/wp-content\/uploads\/2018\/08\/fabiodemelo.jpg 591w\" sizes=\"(max-width: 300px) 100vw, 300px\" \/>Cantando sucessos do seu CD &#8220;O amor me elegeu&#8221;, o padre F\u00e1bio de Melo far\u00e1 um show na Arena Multiuso em Tabo\u00e3o da Serra, no dia 26\/08. O show ter\u00e1 in\u00edcio \u00e0s 19h e os valores dos ingressos ainda n\u00e3o foram divulgados.<\/p>\n<p>O padre F\u00e1bio \u00e9 sacerdote da Diocese de Taubat\u00e9 no interior de S\u00e3o Paulo. Ele tamb\u00e9m \u00e9 cantor e compositor e j\u00e1 tem gravado 22 discos.<\/p>\n<p>Na TV Can\u00e7\u00e3o Nova, ele apresenta o programa Dire\u00e7\u00e3o Espiritual.<\/p>\n<p>Evento: Show do Padre F\u00e1bio de Melo<\/p>\n<p>Local: Estrada Tenente Jos\u00e9 Maria da Cunha, 521 \u2013 Jardim Record.- Arena Multiuso<\/p>\n<p>Data: 26 de agosto (domingo)<\/p>\n<p>Hor\u00e1rio: das 19h \u00e0s 22h<\/p>\n","protected":false},"excerpt":{"rendered":"<p>Cantando sucessos do seu CD &#8220;O amor me elegeu&#8221;, o padre F\u00e1bio de Melo far\u00e1 um show na Arena Multiuso<\/p>\n","protected":false},"author":3,"featured_media":427,"comment_status":"open","ping_status":"open","sticky":false,"template":"","format":"standard","meta":{"footnotes":""},"categories":[4,10],"tags":[],"class_list":["post-425","post","type-post","status-publish","format-standard","has-post-thumbnail","hentry","category-noticias","category-taboao-da-serra"],"_links":{"self":[{"href":"https:\/\/folhadopirajucara.com.br\/index.php\/wp-json\/wp\/v2\/posts\/425"}],"collection":[{"href":"https:\/\/folhadopirajucara.com.br\/index.php\/wp-json\/wp\/v2\/posts"}],"about":[{"href":"https:\/\/folhadopirajucara.com.br\/index.php\/wp-json\/wp\/v2\/types\/post"}],"author":[{"embeddable":true,"href":"https:\/\/folhadopirajucara.com.br\/index.php\/wp-json\/wp\/v2\/users\/3"}],"replies":[{"embeddable":true,"href":"https:\/\/folhadopirajucara.com.br\/index.php\/wp-json\/wp\/v2\/comments?post=425"}],"version-history":[{"count":0,"href":"https:\/\/folhadopirajucara.com.br\/index.php\/wp-json\/wp\/v2\/posts\/425\/revisions"}],"wp:featuredmedia":[{"embeddable":true,"href":"https:\/\/folhadopirajucara.com.br\/index.php\/wp-json\/wp\/v2\/media\/427"}],"wp:attachment":[{"href":"https:\/\/folhadopirajucara.com.br\/index.php\/wp-json\/wp\/v2\/media?parent=425"}],"wp:term":[{"taxonomy":"category","embeddable":true,"href":"https:\/\/folhadopirajucara.com.br\/index.php\/wp-json\/wp\/v2\/categories?post=425"},{"taxonomy":"post_tag","embeddable":true,"href":"https:\/\/folhadopirajucara.com.br\/index.php\/wp-json\/wp\/v2\/tags?post=425"}],"curies":[{"name":"wp","href":"https:\/\/api.w.org\/{rel}","templated":true}]}}