{"id":4282,"date":"2021-06-18T23:00:05","date_gmt":"2021-06-19T02:00:05","guid":{"rendered":"http:\/\/folhadopirajucara.com.br\/?p=4282"},"modified":"2021-06-18T23:00:26","modified_gmt":"2021-06-19T02:00:26","slug":"ney-santos-nega-ter-sido-preso-nesta-quinta-17-06-na-bahia","status":"publish","type":"post","link":"https:\/\/folhadopirajucara.com.br\/index.php\/2021\/06\/18\/ney-santos-nega-ter-sido-preso-nesta-quinta-17-06-na-bahia\/","title":{"rendered":"Ney Santos nega ter sido preso nesta quinta 17\/06 na Bahia"},"content":{"rendered":"<p>O prefeito de Embu das Artes, Ney Santos negou ter sido preso em opera\u00e7\u00e3o da Pol\u00edcia, no bairro Encruzilhada, no Sudoeste da Bahia, na noite da \u00faltima quinta, dia 17 de junho.<br \/>\n\u201cS\u00e3o falsas e mentirosas as not\u00edcias veiculadas nas redes socias, e em alguns ve\u00edculos de comunica\u00e7\u00e3o, de que fui preso ou de que eu estou preso. Mais uma vez, antes de se averiguar, lan\u00e7am mentiras ao meu respeito\u201d, afirmou Ney Santos.<br \/>\nO prefeito pontuou que devido a um procedimento cir\u00fargico no m\u00eas passado continua em processo de reabilita\u00e7\u00e3o. Ele disse ter viajado com a fam\u00edlia para tirar alguns dias de repouso, ap\u00f3s recomenda\u00e7\u00f5es m\u00e9dicas para a casa de seu irm\u00e3o. \u201cVenho cumprindo, \u00e0 custa de rem\u00e9dios e muita dor, com algumas restri\u00e7\u00f5es, os meus compromissos como prefeito municipal\u201d, disse.<br \/>\nNey declarou ainda que \u201ca quantia em dinheiro apreendida \u00e9 declarada e a arma registrada e do gerente da propriedade\u201d.<br \/>\nA Pol\u00edcia teria localizado armas, muni\u00e7\u00f5es e R$ 670 mil em esp\u00e9cie em um im\u00f3vel, de um propriet\u00e1rio sem nome informado e que, segundo a pol\u00edcia, pertence ao irm\u00e3o do prefeito de Embu das Artes, Ney Santos (Republicanos). \u201cO pol\u00edtico estava no local na hora da a\u00e7\u00e3o e, segundo a pol\u00edcia, foi voluntariamente \u00e0 delegacia para prestar os esclarecimentos\u201d, informou a pol\u00edcia.<\/p>\n<p style=\"text-align: center;\"><em><strong>Opera\u00e7\u00e3o<\/strong><\/em><\/p>\n<p>Agentes da Pol\u00edcia Civil chegaram at\u00e9 o local ap\u00f3s den\u00fancias que a fazenda era utilizada para transportar materiais ilegais e movimentar dinheiro de origem suspeita. Uma pista de decolagem foi constru\u00edda na \u00e1rea do im\u00f3vel, e uma aeronave modelo KingAir foi apreendida no terreno do im\u00f3vel.<\/p>\n<p style=\"text-align: center;\"><strong><em>Leia a nota enviada para a imprensa na \u00edntegra:<\/em><\/strong><\/p>\n<p>\u201cGostaria de esclarecer \u00e0 popula\u00e7\u00e3o da minha querida Embu das Artes, e ao p\u00fablico em geral, que s\u00e3o FALSAS E MENTIROSAS as not\u00edcias veiculadas nas redes sociais, e em alguns ve\u00edculos de comunica\u00e7\u00e3o, de que fui preso ou de que eu estou preso. Mais uma vez, antes de se averiguar, lan\u00e7am mentiras ao meu respeito.<br \/>\nComo \u00e9 de amplo conhecimento dos moradores de Embu das Artes, passei por um procedimento cir\u00fargico em meados do m\u00eas passado. Em decorr\u00eancia da cirurgia, sofri uma trombose no aparelho digestivo. Fui internado e atualmente me encontro em processo de reabilita\u00e7\u00e3o.<br \/>\nMesmo com o quadro de sa\u00fade debilitado, venho cumprindo, \u00e0 custa de rem\u00e9dios e muita dor, com algumas restri\u00e7\u00f5es, os meus compromissos como Prefeito Municipal.<br \/>\nPor orienta\u00e7\u00e3o m\u00e9dica e conselhos de amigos e familiares, decidi tirar alguns dias de repouso para poder me restabelecer. Viajei na \u00faltima quarta-feira na companhia dos meus filhos, da minha m\u00e3e de 83 anos de idade, a qual tamb\u00e9m se encontra em processo de reabilita\u00e7\u00e3o da sa\u00fade em fun\u00e7\u00e3o da Covid. Minha m\u00e3e foi infectada, contraiu a forma grave doen\u00e7a, foi levada \u00e0 UTI e ficou intubada por v\u00e1rios dias. ESSES S\u00c3O OS REAIS MOTIVOS DA MINHA VIAGEM.<br \/>\nAs duas armas aprendidas na propriedade pertencem ao funcion\u00e1rio do local, S\u00c3O DEVIDAMENTE REGISTRADAS NO NOME DELE, os valores apreendidos, segundo os respons\u00e1veis pela contabilidade da propriedade, tem lastro, est\u00e3o registrados e informados \u00e0 Receita Federal. Ainda, segundo os administradores, os valores s\u00e3o frutos das atividades da propriedade, e que toda documenta\u00e7\u00e3o h\u00e1bil a comprovar a licitude dos valores ser\u00e1 entregue \u00e0s autoridades competentes.<br \/>\nInfelizmente, mais uma vez, de forma mentirosa e leviana, meu nome est\u00e1 sendo envolvido em fatos antes de se verificar a veracidade das informa\u00e7\u00f5es.<br \/>\nGra\u00e7as a Deus est\u00e1 tudo bem comigo e com a minha fam\u00edlia. De cabe\u00e7a erguida, firme e forte, continuarei, a despeito daqueles que n\u00e3o se conformam com o resultado das urnas, trabalhando pelos moradores da minha querida cidade.\u201d<br \/>\n*informa\u00e7\u00f5es: Click Regional<\/p>\n","protected":false},"excerpt":{"rendered":"<p>O prefeito de Embu das Artes, Ney Santos negou ter sido preso em opera\u00e7\u00e3o da Pol\u00edcia, no bairro Encruzilhada, no<\/p>\n","protected":false},"author":3,"featured_media":4283,"comment_status":"open","ping_status":"open","sticky":false,"template":"","format":"standard","meta":{"footnotes":""},"categories":[1,15,4],"tags":[],"class_list":["post-4282","post","type-post","status-publish","format-standard","has-post-thumbnail","hentry","category-destaque","category-embu-das-artes","category-noticias"],"_links":{"self":[{"href":"https:\/\/folhadopirajucara.com.br\/index.php\/wp-json\/wp\/v2\/posts\/4282"}],"collection":[{"href":"https:\/\/folhadopirajucara.com.br\/index.php\/wp-json\/wp\/v2\/posts"}],"about":[{"href":"https:\/\/folhadopirajucara.com.br\/index.php\/wp-json\/wp\/v2\/types\/post"}],"author":[{"embeddable":true,"href":"https:\/\/folhadopirajucara.com.br\/index.php\/wp-json\/wp\/v2\/users\/3"}],"replies":[{"embeddable":true,"href":"https:\/\/folhadopirajucara.com.br\/index.php\/wp-json\/wp\/v2\/comments?post=4282"}],"version-history":[{"count":0,"href":"https:\/\/folhadopirajucara.com.br\/index.php\/wp-json\/wp\/v2\/posts\/4282\/revisions"}],"wp:featuredmedia":[{"embeddable":true,"href":"https:\/\/folhadopirajucara.com.br\/index.php\/wp-json\/wp\/v2\/media\/4283"}],"wp:attachment":[{"href":"https:\/\/folhadopirajucara.com.br\/index.php\/wp-json\/wp\/v2\/media?parent=4282"}],"wp:term":[{"taxonomy":"category","embeddable":true,"href":"https:\/\/folhadopirajucara.com.br\/index.php\/wp-json\/wp\/v2\/categories?post=4282"},{"taxonomy":"post_tag","embeddable":true,"href":"https:\/\/folhadopirajucara.com.br\/index.php\/wp-json\/wp\/v2\/tags?post=4282"}],"curies":[{"name":"wp","href":"https:\/\/api.w.org\/{rel}","templated":true}]}}