{"id":4374,"date":"2021-07-20T12:43:49","date_gmt":"2021-07-20T15:43:49","guid":{"rendered":"http:\/\/folhadopirajucara.com.br\/?p=4374"},"modified":"2021-07-20T12:43:49","modified_gmt":"2021-07-20T15:43:49","slug":"itapecerica-da-serra-divulga-cronograma-de-vacinacao-contra-a-covid-19-para-pessoas-de-30-a-34-anos","status":"publish","type":"post","link":"https:\/\/folhadopirajucara.com.br\/index.php\/2021\/07\/20\/itapecerica-da-serra-divulga-cronograma-de-vacinacao-contra-a-covid-19-para-pessoas-de-30-a-34-anos\/","title":{"rendered":"Itapecerica da Serra divulga cronograma de vacina\u00e7\u00e3o contra a Covid-19 para pessoas de 30 a 34 anos"},"content":{"rendered":"<p>A partir desta ter\u00e7a-feira, 20 de julho, a Autarquia Municipal de Sa\u00fade avan\u00e7a no cronograma de vacina\u00e7\u00e3o contra a Covid-19 e pretende vacinar todas as pessoas acima de 30 anos de idade at\u00e9 o dia 29 de julho.<\/p>\n<p>A vacina\u00e7\u00e3o ser\u00e1 feita de forma escalonada, conforme cronograma abaixo:<\/p>\n<ul>\n<li>Dia 20\/julho \u2013 34 anos<\/li>\n<li>Dia 22\/julho \u2013 33 anos<\/li>\n<li>Dia 24\/julho \u2013 32 anos<\/li>\n<li>Dia 27\/julho \u2013 31 anos<\/li>\n<li>Dia 29\/julho \u2013 30 anos<\/li>\n<\/ul>\n<p>O objetivo do fracionamento por idades \u00e9 evitar aglomera\u00e7\u00f5es nas unidades de sa\u00fade e garantir a oferta da vacina para todo o p\u00fablico alvo, considerando que a distribui\u00e7\u00e3o das doses para o munic\u00edpio \u00e9 feita de forma gradativa pelo Estado.<\/p>\n<p>A vacina\u00e7\u00e3o acontece em todas as Unidades B\u00e1sicas de Sa\u00fade e Unidades de Sa\u00fade da Fam\u00edlia, de segunda a sexta-feira, das 8 \u00e0s 13 horas.<\/p>\n<p>Para se vacinar \u00e9 preciso apresentar RG, cart\u00e3o SUS, comprovante de resid\u00eancia do munic\u00edpio no nome da pessoa ou cart\u00e3o de matr\u00edcula do posto de sa\u00fade.<\/p>\n<p>Para agilizar o atendimento, fa\u00e7a seu pr\u00e9-cadastro no site\u00a0<a href=\"https:\/\/vacinaja.sp.gov.br\/?utm_source=portal&amp;utm_medium=banner&amp;utm_campaign=VacinaJa\">VacinaJ\u00e1<\/a><\/p>\n<p>Se puder, leve 1 quilo de alimento n\u00e3o perec\u00edvel e contribua com a Campanha Vacina Contra a Fome.<\/p>\n<p>&nbsp;<\/p>\n<p>*fonte: PMIS<\/p>\n","protected":false},"excerpt":{"rendered":"<p>A partir desta ter\u00e7a-feira, 20 de julho, a Autarquia Municipal de Sa\u00fade avan\u00e7a no cronograma de vacina\u00e7\u00e3o contra a Covid-19<\/p>\n","protected":false},"author":3,"featured_media":4375,"comment_status":"open","ping_status":"open","sticky":false,"template":"","format":"standard","meta":{"footnotes":""},"categories":[1,4],"tags":[],"class_list":["post-4374","post","type-post","status-publish","format-standard","has-post-thumbnail","hentry","category-destaque","category-noticias"],"_links":{"self":[{"href":"https:\/\/folhadopirajucara.com.br\/index.php\/wp-json\/wp\/v2\/posts\/4374"}],"collection":[{"href":"https:\/\/folhadopirajucara.com.br\/index.php\/wp-json\/wp\/v2\/posts"}],"about":[{"href":"https:\/\/folhadopirajucara.com.br\/index.php\/wp-json\/wp\/v2\/types\/post"}],"author":[{"embeddable":true,"href":"https:\/\/folhadopirajucara.com.br\/index.php\/wp-json\/wp\/v2\/users\/3"}],"replies":[{"embeddable":true,"href":"https:\/\/folhadopirajucara.com.br\/index.php\/wp-json\/wp\/v2\/comments?post=4374"}],"version-history":[{"count":0,"href":"https:\/\/folhadopirajucara.com.br\/index.php\/wp-json\/wp\/v2\/posts\/4374\/revisions"}],"wp:featuredmedia":[{"embeddable":true,"href":"https:\/\/folhadopirajucara.com.br\/index.php\/wp-json\/wp\/v2\/media\/4375"}],"wp:attachment":[{"href":"https:\/\/folhadopirajucara.com.br\/index.php\/wp-json\/wp\/v2\/media?parent=4374"}],"wp:term":[{"taxonomy":"category","embeddable":true,"href":"https:\/\/folhadopirajucara.com.br\/index.php\/wp-json\/wp\/v2\/categories?post=4374"},{"taxonomy":"post_tag","embeddable":true,"href":"https:\/\/folhadopirajucara.com.br\/index.php\/wp-json\/wp\/v2\/tags?post=4374"}],"curies":[{"name":"wp","href":"https:\/\/api.w.org\/{rel}","templated":true}]}}