{"id":4377,"date":"2021-07-21T19:35:43","date_gmt":"2021-07-21T22:35:43","guid":{"rendered":"http:\/\/folhadopirajucara.com.br\/?p=4377"},"modified":"2021-07-21T19:35:43","modified_gmt":"2021-07-21T22:35:43","slug":"justica-intima-prefeito-de-itapecerica-da-serra-em-acao-ambiental","status":"publish","type":"post","link":"https:\/\/folhadopirajucara.com.br\/index.php\/2021\/07\/21\/justica-intima-prefeito-de-itapecerica-da-serra-em-acao-ambiental\/","title":{"rendered":"Justi\u00e7a intima prefeito de Itapecerica da Serra em A\u00e7\u00e3o Ambiental"},"content":{"rendered":"<p>O atual Prefeito de Itapecerica da Serra, Francisco Nakano, foi intimado para dar esclarecimentos \u00e0 justi\u00e7a por omiss\u00e3o, em A\u00e7\u00e3o Civil P\u00fablica, envolvendo desmatamento para loteamento ilegal no Bairro S\u00e3o Marcos, local conhecido tamb\u00e9m como Parque Yara Cecy. Al\u00e9m da intima\u00e7\u00e3o, o juiz aumentou a multa di\u00e1ria por descumprimento de senten\u00e7a, de R$ 20 mil para R$ 50 mil di\u00e1rios, senten\u00e7as essas que determinam embargo da \u00e1rea, policiamento e a\u00e7\u00f5es administrativas que impe\u00e7am a continuidade das degrada\u00e7\u00f5es.<\/p>\n<p>A Prefeitura instalou barreiras f\u00edsicas que n\u00e3o est\u00e3o impedindo as a\u00e7\u00f5es de desmatamento e movimenta\u00e7\u00e3o de terra e o juiz espera pelas placas de embargo a serem afixadas no local de maior movimenta\u00e7\u00e3o do terreno, \u00e0 Rua Manoel Maximino da Rosa. Inclusive, h\u00e1 suspeitas de que existam mais de 20 placas de embargo confeccionadas, mofando no almoxarifado da Prefeitura, h\u00e1 meses.<\/p>\n<p>A A\u00e7\u00e3o tem como parte denunciante a Associa\u00e7\u00e3o Preservar Itapecerica e o caso tem parecer favor\u00e1vel, assinado pela Cetesb, \u00f3rg\u00e3o regulador Estadual que reconhece a prote\u00e7\u00e3o legal a que est\u00e1 sujeito o local, uma \u00c1rea de Preserva\u00e7\u00e3o Permanente do Rio Negro, chamado pela popula\u00e7\u00e3o de Rio Pret\u00e3o, circundado por vegeta\u00e7\u00e3o de Mata Atl\u00e2ntica remanescente que abriga animais silvestres.<\/p>\n<p>A participa\u00e7\u00e3o do Ex-Secret\u00e1rio do Meio Ambiente, Cl\u00e1udio Silvestre Junior no loteamento clandestino est\u00e1 sendo investigada desde mar\u00e7o do ano passado, mas o local \u00e9 cobi\u00e7ado h\u00e1 muito tempo. Em 1973 houve uma tentativa de lotear a \u00e1rea, e recentemente, o escrit\u00f3rio de arquitetura de Lacyr Baldusco, cuja fam\u00edlia \u00e9 conhecid\u00edssima na cidade por sua atua\u00e7\u00e3o pol\u00edtica, fez a defesa da propriet\u00e1ria do local que quer retomar esse projeto, a qual \u00e9 esposa do advogado com suspeita de envolvimento no loteamento clandestino. O escrit\u00f3rio acusa tamb\u00e9m a Prefeitura de omiss\u00e3o, mas justifica o empreendimento, j\u00e1 que no passado a Prefeitura deu oficialmente nome \u00e0s ruas nas extremidades da \u00e1rea. Baldusco tem interesse no loteamento, pois \u00e9 propriet\u00e1rio de um terreno no local, grudado com o Condom\u00ednio Delfim Verde, com o qual entrou em contenda no passado, por querer uma passagem pelo condom\u00ednio para sua propriedade, o que foi negado.<\/p>\n<p>O Rio Pret\u00e3o \u00e9 muito procurado pela popula\u00e7\u00e3o para pesca e lazer, uma \u00e1rea lind\u00edssima, produtora de \u00e1gua que presta servi\u00e7os ambientais importantes para o abastecimento do Sistema Guarapiranga, e a defesa da mata que o circunda \u00e9 de suma import\u00e2ncia para preserva\u00e7\u00e3o em nossa cidade e nenhum interesse particular est\u00e1 acima da lei e do bem comum. Esperamos um posicionamento em prol do meio ambiente por parte do Prefeito Francisco Nakano.<\/p>\n<figure id=\"attachment_3241\" aria-describedby=\"caption-attachment-3241\" style=\"width: 140px\" class=\"wp-caption aligncenter\"><img loading=\"lazy\" decoding=\"async\" class=\" wp-image-3241\" src=\"https:\/\/folhadopirajucara.com.br\/wp-content\/uploads\/2020\/12\/Abelh\u00e3o.jpg\" alt=\"\" width=\"140\" height=\"143\" srcset=\"https:\/\/folhadopirajucara.com.br\/wp-content\/uploads\/2020\/12\/Abelh\u00e3o.jpg 600w, https:\/\/folhadopirajucara.com.br\/wp-content\/uploads\/2020\/12\/Abelh\u00e3o-293x300.jpg 293w\" sizes=\"(max-width: 140px) 100vw, 140px\" \/><figcaption id=\"caption-attachment-3241\" class=\"wp-caption-text\">*por: Adriana Abelh\u00e3o<\/figcaption><\/figure>\n","protected":false},"excerpt":{"rendered":"<p>O atual Prefeito de Itapecerica da Serra, Francisco Nakano, foi intimado para dar esclarecimentos \u00e0 justi\u00e7a por omiss\u00e3o, em A\u00e7\u00e3o<\/p>\n","protected":false},"author":3,"featured_media":4378,"comment_status":"open","ping_status":"open","sticky":false,"template":"","format":"standard","meta":{"footnotes":""},"categories":[1,16,4],"tags":[],"class_list":["post-4377","post","type-post","status-publish","format-standard","has-post-thumbnail","hentry","category-destaque","category-itapecerica-da-serra","category-noticias"],"_links":{"self":[{"href":"https:\/\/folhadopirajucara.com.br\/index.php\/wp-json\/wp\/v2\/posts\/4377"}],"collection":[{"href":"https:\/\/folhadopirajucara.com.br\/index.php\/wp-json\/wp\/v2\/posts"}],"about":[{"href":"https:\/\/folhadopirajucara.com.br\/index.php\/wp-json\/wp\/v2\/types\/post"}],"author":[{"embeddable":true,"href":"https:\/\/folhadopirajucara.com.br\/index.php\/wp-json\/wp\/v2\/users\/3"}],"replies":[{"embeddable":true,"href":"https:\/\/folhadopirajucara.com.br\/index.php\/wp-json\/wp\/v2\/comments?post=4377"}],"version-history":[{"count":0,"href":"https:\/\/folhadopirajucara.com.br\/index.php\/wp-json\/wp\/v2\/posts\/4377\/revisions"}],"wp:featuredmedia":[{"embeddable":true,"href":"https:\/\/folhadopirajucara.com.br\/index.php\/wp-json\/wp\/v2\/media\/4378"}],"wp:attachment":[{"href":"https:\/\/folhadopirajucara.com.br\/index.php\/wp-json\/wp\/v2\/media?parent=4377"}],"wp:term":[{"taxonomy":"category","embeddable":true,"href":"https:\/\/folhadopirajucara.com.br\/index.php\/wp-json\/wp\/v2\/categories?post=4377"},{"taxonomy":"post_tag","embeddable":true,"href":"https:\/\/folhadopirajucara.com.br\/index.php\/wp-json\/wp\/v2\/tags?post=4377"}],"curies":[{"name":"wp","href":"https:\/\/api.w.org\/{rel}","templated":true}]}}