{"id":4450,"date":"2021-08-10T22:44:33","date_gmt":"2021-08-11T01:44:33","guid":{"rendered":"http:\/\/folhadopirajucara.com.br\/?p=4450"},"modified":"2021-08-10T22:44:33","modified_gmt":"2021-08-11T01:44:33","slug":"sao-lourenco-da-serra-ja-tem-data-definida-para-as-eleicoes","status":"publish","type":"post","link":"https:\/\/folhadopirajucara.com.br\/index.php\/2021\/08\/10\/sao-lourenco-da-serra-ja-tem-data-definida-para-as-eleicoes\/","title":{"rendered":"S\u00e3o Louren\u00e7o da Serra j\u00e1 tem data definida para as elei\u00e7\u00f5es"},"content":{"rendered":"<p>Prezados Senhores,<\/p>\n<p>Venho, por meio deste, comunicar a edi\u00e7\u00e3o da Resolu\u00e7\u00e3o TRE-SP n\u00ba 555\/2020, que disp\u00f5e sobre as provid\u00eancias para a realiza\u00e7\u00e3o das Elei\u00e7\u00f5es Suplementares para os cargos eletivos de Prefeito e Vice-Prefeito, em 03 de outubro de 2021, no munic\u00edpio de S\u00e3o Louren\u00e7o da Serra.<\/p>\n<p>Ressalta-se, ainda que, al\u00e9m da data da Elei\u00e7\u00e3o Suplementar, a referida Resolu\u00e7\u00e3o prev\u00ea tamb\u00e9m o calend\u00e1rio eleitoral para a propaganda eleitoral e outros atos atinentes \u00e0 prepara\u00e7\u00e3o das Elei\u00e7\u00f5es.<\/p>\n<p>Sem preju\u00edzo do calend\u00e1rio em sua \u00edntegra, as principais datas s\u00e3o as que seguem:<\/p>\n<p>At\u00e9 03\/04\/2021 \u2013 Registro dos Partidos no TSE<br \/>\nAt\u00e9 03\/04\/2021- Filia\u00e7\u00e3o partid\u00e1ria<br \/>\nAt\u00e9 03\/04\/2021- Domic\u00edlio eleitoral<br \/>\nAt\u00e9 05\/05\/2021- Data at\u00e9 a qual os eleitores aptos a votar dever\u00e3o estar regularmente inscritos<br \/>\n26 a 31\/08\/2021 &#8211; Conven\u00e7\u00f5es partid\u00e1rias<br \/>\n03\/09\/2021- \u00daltimo dia para entrega do pedido de registro de candidatura<br \/>\n04\/09\/2021- In\u00edcio da propaganda eleitoral em geral<br \/>\n20\/09\/2021 \u2013 In\u00edcio da propaganda eleitoral gratuita (r\u00e1dio e TV)<br \/>\n08\/11\/2021 &#8211; Diploma\u00e7\u00e3o<\/p>\n<p>&#8211; 01\/10\/2021 &#8211; \u00daltimo dia para os partidos e coliga\u00e7\u00f5es indicarem os respons\u00e1veis pela emiss\u00e3o das credenciais dos fiscais;<\/p>\n<p>&#8211; 02\/10\/2021 &#8211; \u00daltimo dia para distribui\u00e7\u00e3o de material gr\u00e1fico, promo\u00e7\u00e3o de carreata, passeata ou carro de som;<\/p>\n<p>&#8211; 03\/10 &#8211; domingo &#8211; Dia da elei\u00e7\u00e3o a ser realizada das 7h \u00e0s 17h;<\/p>\n<p>&#8211; 13\/10\/2021 &#8211; \u00daltimo dia para envio da presta\u00e7\u00e3o de contas;<\/p>\n<p>&#8211; 08\/11 &#8211; Diploma\u00e7\u00e3o dos eleitos;<\/p>\n<p>&nbsp;<\/p>\n<p>*com informa\u00e7\u00f5es Cart\u00f3rio Eleitoral<\/p>\n","protected":false},"excerpt":{"rendered":"<p>Prezados Senhores, Venho, por meio deste, comunicar a edi\u00e7\u00e3o da Resolu\u00e7\u00e3o TRE-SP n\u00ba 555\/2020, que disp\u00f5e sobre as provid\u00eancias para<\/p>\n","protected":false},"author":3,"featured_media":4451,"comment_status":"open","ping_status":"open","sticky":false,"template":"","format":"standard","meta":{"footnotes":""},"categories":[1,4,8],"tags":[],"class_list":["post-4450","post","type-post","status-publish","format-standard","has-post-thumbnail","hentry","category-destaque","category-noticias","category-sao-lourenco"],"_links":{"self":[{"href":"https:\/\/folhadopirajucara.com.br\/index.php\/wp-json\/wp\/v2\/posts\/4450"}],"collection":[{"href":"https:\/\/folhadopirajucara.com.br\/index.php\/wp-json\/wp\/v2\/posts"}],"about":[{"href":"https:\/\/folhadopirajucara.com.br\/index.php\/wp-json\/wp\/v2\/types\/post"}],"author":[{"embeddable":true,"href":"https:\/\/folhadopirajucara.com.br\/index.php\/wp-json\/wp\/v2\/users\/3"}],"replies":[{"embeddable":true,"href":"https:\/\/folhadopirajucara.com.br\/index.php\/wp-json\/wp\/v2\/comments?post=4450"}],"version-history":[{"count":0,"href":"https:\/\/folhadopirajucara.com.br\/index.php\/wp-json\/wp\/v2\/posts\/4450\/revisions"}],"wp:featuredmedia":[{"embeddable":true,"href":"https:\/\/folhadopirajucara.com.br\/index.php\/wp-json\/wp\/v2\/media\/4451"}],"wp:attachment":[{"href":"https:\/\/folhadopirajucara.com.br\/index.php\/wp-json\/wp\/v2\/media?parent=4450"}],"wp:term":[{"taxonomy":"category","embeddable":true,"href":"https:\/\/folhadopirajucara.com.br\/index.php\/wp-json\/wp\/v2\/categories?post=4450"},{"taxonomy":"post_tag","embeddable":true,"href":"https:\/\/folhadopirajucara.com.br\/index.php\/wp-json\/wp\/v2\/tags?post=4450"}],"curies":[{"name":"wp","href":"https:\/\/api.w.org\/{rel}","templated":true}]}}