{"id":4468,"date":"2021-08-12T17:06:13","date_gmt":"2021-08-12T20:06:13","guid":{"rendered":"http:\/\/folhadopirajucara.com.br\/?p=4468"},"modified":"2021-08-15T17:10:01","modified_gmt":"2021-08-15T20:10:01","slug":"nakano-faz-balanco-anuncia-volta-as-aulas-poupatempo-e-fala-em-rodeio-para-2022","status":"publish","type":"post","link":"https:\/\/folhadopirajucara.com.br\/index.php\/2021\/08\/12\/nakano-faz-balanco-anuncia-volta-as-aulas-poupatempo-e-fala-em-rodeio-para-2022\/","title":{"rendered":"Nakano faz balan\u00e7o anuncia volta \u00e0s aulas, Poupatempo e fala em rodeio para 2022"},"content":{"rendered":"<p>O prefeito de Itapecerica da Serra, Francisco Nakano prestou contas das principais a\u00e7\u00f5es dos seus 8 meses de governo durante entrevista coletiva \u00e0 imprensa nesta quarta-feira, 11. Ao lado do seu staff Nakano falou sobre as dificuldades do come\u00e7o do governo, reclamou da perda de recursos federais, do agravamento da pandemia nos primeiros meses da gest\u00e3o, do fechamento do Pronto Socorro do Hospital Geral de Itapecirica (HGIS), do esc\u00e2ndalo envolvendo a Organiza\u00e7\u00e3o Social que atua na sa\u00fade municipal.<\/p>\n<p><em>\u201cTodo esse quadro prejudicou o in\u00edcio da nossa gest\u00e3o. Tivemos as dificuldades administrativas naturais e ao mesmo tempo sofremos a sobrecarga dos atendimentos na sa\u00fade. Isso sem contar a d\u00edvida de quase 140 milh\u00f5es que herdamos da gest\u00e3o anterior. A prefeitura estava muito bagun\u00e7ada. Informamos tudo que ocorreu ao Minist\u00e9rio P\u00fablico\u201d,<\/em>\u00a0declarou o prefeito, afirmando que mesmo tendo sido funcion\u00e1rio da sa\u00fade municipal precisou de tempo para conhecer o sistema na perspectiva de administrador.<\/p>\n<p>Nakano fez um balan\u00e7o positivo dos desafios superados pelo seu governo na sa\u00fade, educa\u00e7\u00e3o, limpeza e manuten\u00e7\u00e3o urbana, cultura e de maneira especial pela secretaria de desenvolvimento social. Com a participa\u00e7\u00e3o de sua equipe detalhou dados de todas as pastas e fez quest\u00e3o de salientar o comprometimento e a dedica\u00e7\u00e3o de sua equipe gestora.<br \/>\nVolta \u00e0s aulas, Poupatempo e rodeio.<\/p>\n<p>O prefeito anunciou que a volta \u00e0s aulas da rede municipal vai ocorrer em setembro. Disse que o Poupatempo ser\u00e1 constru\u00eddo na regi\u00e3o central. Afirmou que em 2022 o tradicional rodeio de Itapecerica dever\u00e1 voltar a ocorrer, assim como outros eventos de grande porte visando incentivar o turismo. Nakano tamb\u00e9m relatou que o seu governo est\u00e1 focado em conseguir recursos federais e de emendas parlamentares a fim de aplicar no custeio e manuten\u00e7\u00e3o da sa\u00fade, altamente impactada pelo fechamento do HGIS.<\/p>\n<p>O prefeito pediu ajuda da popula\u00e7\u00e3o para que denuncie os loteamentos irregulares a fim de ajudar no trabalho das equipes de fiscaliza\u00e7\u00e3o, prejudicadas pelo baixo efetivo aliado com a grande extens\u00e3o territorial.<\/p>\n<p><em>\u201cSomos contra as invas\u00f5es. O Minist\u00e9rio P\u00fablico est\u00e1 em cima delas. Pe\u00e7o a quem tiver informa\u00e7\u00f5es que denuncie. N\u00e3o temos perna para fiscalizar toda a cidade\u201d<\/em>, admitiu.<\/p>\n<p>Um dos pontos altos destacados pelo prefeito Nakano e sua equipe foi a transpar\u00eancia da administra\u00e7\u00e3o. Segundo ele, o portal da transpar\u00eancia \u00e9 atualizado diariamente com todas as informa\u00e7\u00f5es cont\u00e1beis da sua gest\u00e3o.<br \/>\n<em>\u201cAqui n\u00e3o tem nada escondido. Est\u00e1 tudo no portal da transpar\u00eancia&#8221;<\/em>, citou.<\/p>\n<p>Logo no come\u00e7o da coletiva o secret\u00e1rio de Cultura, Romeu Nicolatti, enumerou as a\u00e7\u00f5es da \u00e1rea na cidade. Contou que cadastrou 300 artistas e ap\u00f3s an\u00e1lise social est\u00e1 atendendo parte deles com doa\u00e7\u00e3o de cesta b\u00e1sica. Ele garantiu que o governo vai reformar os 11 equipamentos culturais da cidade.<\/p>\n<p>J\u00e1 o secret\u00e1rio Jur\u00eddico, Manoel Bomfim, informou que a pedido do prefeito ingressou com a\u00e7\u00f5es judiciais para reparar supostas perdas ao er\u00e1rio. Sem dar detalhes das a\u00e7\u00f5es ele relatou que todas tramitam em segredo de Justi\u00e7a.<br \/>\nO secret\u00e1rio de Obras, Fernando Andrade, afirmou que a administra\u00e7\u00e3o est\u00e1 organizando a casa, executando, planejando e vai fazer muito.<\/p>\n<p>A representante da Autarquia de Sa\u00fade, Vanessa Geroni, revelou a sobrecarga de atendimento na sa\u00fade ap\u00f3s o fechamento do pronto socorro do HGIS. Segundo ela, somente em julho foram realizados mais de 11 mil atendimentos no pronto socorro central, sendo 12% deles de pessoas vindas de outras cidade. Ela tamb\u00e9m declarou que at\u00e9 o dia da coletiva 66,88% da popula\u00e7\u00e3o da cidade estava vacinada e contou que 4% das pessoas que tomaram a primeira dose da vacina n\u00e3o retornaram para tomar a segunda.<\/p>\n<p>A autarquia celebrou o fato de que no pr\u00f3ximo s\u00e1bado, dia 14 , toda a popula\u00e7\u00e3o adulta de Itapecerica maior de 18 estar\u00e1 vacinada contra a Covid-19. Na ter\u00e7a-feira dia 17\/08 vai come\u00e7ar a vacinar adolescentes.<\/p>\n<p>A Secret\u00e1ria Tiemi Nakano apresentou balan\u00e7o das a\u00e7\u00f5es voltadas aos mais vulner\u00e1veis, cursos de qualifica\u00e7\u00e3o profissional a fim de fomentar a gera\u00e7\u00e3o de renda, atividades remotas de m\u00fasica e dan\u00e7a. Tamb\u00e9m merece destaque na pasta o trabalho para divulgar o Cad\u00danico, as a\u00e7\u00f5es do CRAS e do CREAS e os alojamentos para popula\u00e7\u00e3o de rua.<\/p>\n<p><em>\u201cOs servi\u00e7os do CRAS v\u00e3o al\u00e9m da doa\u00e7\u00e3o de cesta b\u00e1sica. Um exemplo simples \u00e9 a inclus\u00e3o de fam\u00edlias na tarifa social\u201d,<\/em>\u00a0declarou.<\/p>\n<p>Na reta final da coletiva, o secret\u00e1rio de Governo Renato Rainha apresentou dados sobre educa\u00e7\u00e3o, seguran\u00e7a e desenvolvimento urbano. Ele salientou o compromisso do governo Nakano com a popula\u00e7\u00e3o da cidade.<\/p>\n<p>O prefeito concedeu a coletiva junto com a sua equipe de staff | Foto: Assessoria de imprensa<\/p>\n<p>&nbsp;<\/p>\n<p>*por: Sandra Pereira (Jornal na Net)<\/p>\n","protected":false},"excerpt":{"rendered":"<p>O prefeito de Itapecerica da Serra, Francisco Nakano prestou contas das principais a\u00e7\u00f5es dos seus 8 meses de governo durante<\/p>\n","protected":false},"author":3,"featured_media":4469,"comment_status":"open","ping_status":"open","sticky":false,"template":"","format":"standard","meta":{"footnotes":""},"categories":[1,16,4],"tags":[],"class_list":["post-4468","post","type-post","status-publish","format-standard","has-post-thumbnail","hentry","category-destaque","category-itapecerica-da-serra","category-noticias"],"_links":{"self":[{"href":"https:\/\/folhadopirajucara.com.br\/index.php\/wp-json\/wp\/v2\/posts\/4468"}],"collection":[{"href":"https:\/\/folhadopirajucara.com.br\/index.php\/wp-json\/wp\/v2\/posts"}],"about":[{"href":"https:\/\/folhadopirajucara.com.br\/index.php\/wp-json\/wp\/v2\/types\/post"}],"author":[{"embeddable":true,"href":"https:\/\/folhadopirajucara.com.br\/index.php\/wp-json\/wp\/v2\/users\/3"}],"replies":[{"embeddable":true,"href":"https:\/\/folhadopirajucara.com.br\/index.php\/wp-json\/wp\/v2\/comments?post=4468"}],"version-history":[{"count":0,"href":"https:\/\/folhadopirajucara.com.br\/index.php\/wp-json\/wp\/v2\/posts\/4468\/revisions"}],"wp:featuredmedia":[{"embeddable":true,"href":"https:\/\/folhadopirajucara.com.br\/index.php\/wp-json\/wp\/v2\/media\/4469"}],"wp:attachment":[{"href":"https:\/\/folhadopirajucara.com.br\/index.php\/wp-json\/wp\/v2\/media?parent=4468"}],"wp:term":[{"taxonomy":"category","embeddable":true,"href":"https:\/\/folhadopirajucara.com.br\/index.php\/wp-json\/wp\/v2\/categories?post=4468"},{"taxonomy":"post_tag","embeddable":true,"href":"https:\/\/folhadopirajucara.com.br\/index.php\/wp-json\/wp\/v2\/tags?post=4468"}],"curies":[{"name":"wp","href":"https:\/\/api.w.org\/{rel}","templated":true}]}}