{"id":4534,"date":"2021-09-04T20:02:58","date_gmt":"2021-09-04T23:02:58","guid":{"rendered":"http:\/\/folhadopirajucara.com.br\/?p=4534"},"modified":"2021-09-06T20:04:05","modified_gmt":"2021-09-06T23:04:05","slug":"juquitiba-participa-da-2a-reuniao-de-trabalho-do-conisud","status":"publish","type":"post","link":"https:\/\/folhadopirajucara.com.br\/index.php\/2021\/09\/04\/juquitiba-participa-da-2a-reuniao-de-trabalho-do-conisud\/","title":{"rendered":"Juquitiba participa da 2\u00aa Reuni\u00e3o de trabalho do CONISUD"},"content":{"rendered":"<p>Na quinta feira (02), o Diretor de Turismo Leonardo Aluizio, a Turism\u00f3loga Adriana Torquato e o Assessor de Imprensa Luiz Lutti, participaram da 2\u00aa Reuni\u00e3o de trabalho do Cons\u00f3rcio Intermunicipal da Regi\u00e3o Sudoeste da Grande S\u00e3o Paulo &#8211; CONISUD, na sede da Associa\u00e7\u00e3o Comercial e Industrial de Embu das Artes &#8211; ACISE.<br \/>\nDurante a reuni\u00e3o, ficou estabelecido que cada munic\u00edpio dever\u00e1 apresentar suas rotas municipais com atrativos, pontos de apoio, sinaliza\u00e7\u00e3o e mapa para o Cicloturista fazer seu percurso com seguran\u00e7a e aproveitar ao m\u00e1ximo nossa regi\u00e3o.<br \/>\nJuquitiba pretende adotar o sistema de rotas circulares e pontos de apoio para seguran\u00e7a do Cicloturista. Uma rota regional de grande percurso tamb\u00e9m deve ser implantada para contemplar diversos bairros da nossa cidade.<br \/>\nParticiparam da reuni\u00e3o, a Presidente do CONISUD Sra. Br\u00edgida Sacramento, os representantes dos 8 Munic\u00edpios que fazem parte do Cons\u00f3rcio e o Munic\u00edpio de Ibi\u00fana que tamb\u00e9m \u00e9 da regi\u00e3o, al\u00e9m de representantes do SEBRAE, SENAC e Associa\u00e7\u00f5es Comerciais dos Munic\u00edpios.<br \/>\n*fonte: PMJ<\/p>\n","protected":false},"excerpt":{"rendered":"<p>Na quinta feira (02), o Diretor de Turismo Leonardo Aluizio, a Turism\u00f3loga Adriana Torquato e o Assessor de Imprensa Luiz<\/p>\n","protected":false},"author":3,"featured_media":4535,"comment_status":"open","ping_status":"open","sticky":false,"template":"","format":"standard","meta":{"footnotes":""},"categories":[1,17,4],"tags":[],"class_list":["post-4534","post","type-post","status-publish","format-standard","has-post-thumbnail","hentry","category-destaque","category-juquitiba","category-noticias"],"_links":{"self":[{"href":"https:\/\/folhadopirajucara.com.br\/index.php\/wp-json\/wp\/v2\/posts\/4534"}],"collection":[{"href":"https:\/\/folhadopirajucara.com.br\/index.php\/wp-json\/wp\/v2\/posts"}],"about":[{"href":"https:\/\/folhadopirajucara.com.br\/index.php\/wp-json\/wp\/v2\/types\/post"}],"author":[{"embeddable":true,"href":"https:\/\/folhadopirajucara.com.br\/index.php\/wp-json\/wp\/v2\/users\/3"}],"replies":[{"embeddable":true,"href":"https:\/\/folhadopirajucara.com.br\/index.php\/wp-json\/wp\/v2\/comments?post=4534"}],"version-history":[{"count":0,"href":"https:\/\/folhadopirajucara.com.br\/index.php\/wp-json\/wp\/v2\/posts\/4534\/revisions"}],"wp:featuredmedia":[{"embeddable":true,"href":"https:\/\/folhadopirajucara.com.br\/index.php\/wp-json\/wp\/v2\/media\/4535"}],"wp:attachment":[{"href":"https:\/\/folhadopirajucara.com.br\/index.php\/wp-json\/wp\/v2\/media?parent=4534"}],"wp:term":[{"taxonomy":"category","embeddable":true,"href":"https:\/\/folhadopirajucara.com.br\/index.php\/wp-json\/wp\/v2\/categories?post=4534"},{"taxonomy":"post_tag","embeddable":true,"href":"https:\/\/folhadopirajucara.com.br\/index.php\/wp-json\/wp\/v2\/tags?post=4534"}],"curies":[{"name":"wp","href":"https:\/\/api.w.org\/{rel}","templated":true}]}}