{"id":4582,"date":"2021-09-18T12:57:21","date_gmt":"2021-09-18T15:57:21","guid":{"rendered":"http:\/\/folhadopirajucara.com.br\/?p=4582"},"modified":"2021-09-18T12:57:21","modified_gmt":"2021-09-18T15:57:21","slug":"professora-negra-e-processada-por-dar-aulas-contra-o-racismo","status":"publish","type":"post","link":"https:\/\/folhadopirajucara.com.br\/index.php\/2021\/09\/18\/professora-negra-e-processada-por-dar-aulas-contra-o-racismo\/","title":{"rendered":"Professora negra \u00e9 processada por dar aulas contra o racismo"},"content":{"rendered":"<p>A Diretoria de Ensino de Tabo\u00e3o da Serra, a pedido da dire\u00e7\u00e3o da Escola Estadual Nigro Gava, abriu um processo administrativo contra a professora Viviane Pereira, militante do Movimento Negro e das causas feministas e LGBTQIs.<\/p>\n<p>&nbsp;<\/p>\n<p>A Professora de Hist\u00f3ria desenvolve v\u00e1rios projetos de conscientiza\u00e7\u00e3o em suas aulas, dentro dos par\u00e2metros curriculares, a exemplo do projeto \u201cExistir e Resistir\u201d, contra a pr\u00e1tica do racismo, no m\u00eas da Consci\u00eancia Negra. No ano de 2019, a dire\u00e7\u00e3o da escola e a supervisora censuraram o projeto, arrancando do mural de exposi\u00e7\u00e3o a frase famosa de um rapper, \u201cFogo nos racistas\u201d, que tinha sido colocada pelos pr\u00f3prios alunos.<\/p>\n<p>&nbsp;<\/p>\n<p>Agora querem punir a professora chamando-a de &#8220;exagerada&#8221; na luta contra o racismo. A professora tamb\u00e9m j\u00e1 fez v\u00e1rias den\u00fancias na Ouvidoria da Diretoria de Ensino sobre atitudes preconceituosas e ilegais contra alunos e alunas feitas pela dire\u00e7\u00e3o da escola Nigro Gava. A Diretoria nada fez sobre essas den\u00fancias, mas agora persegue a professora com um processo de cunho preconceituoso, racista e machista. Alunas(os) e ex-alunas(os) fizeram um manifesto em defesa da professora Viviane, do qual citamos uma parte:<\/p>\n<p>&nbsp;<\/p>\n<p>\u201cN\u00f3s alunos e ex-alunos da professora Viviane, do col\u00e9gio Maria Apparecida Nigro Gava, repudiamos as persegui\u00e7\u00f5es racistas e machistas que a professora vem sofrendo por parte do dirigente de ensino da Diretoria de Ensino de Tabo\u00e3o, supervisora e dire\u00e7\u00e3o. (&#8230;) A professora ganhou nome e respeito perante a comunidade escolar ao trabalhar com tem\u00e1ticas que visam o aprendizado e desenvolvimento intelectual e cr\u00edtico dos alunos, dando a n\u00f3s jovens o protagonismo juvenil. Den\u00fancias foram feitas \u00e0 ouvidoria da Secretaria de Educa\u00e7\u00e3o sobre o ocorrido com a professora dentro da unidade escolar, por\u00e9m nenhuma resposta foi dada, portanto, estamos aqui manifestando nosso respeito, admira\u00e7\u00e3o e carinho por essa profissional dedicada, que nos ensinou al\u00e9m de conte\u00fado, nos preparou para a vida, e seu trabalho tem incomodado pessoas que n\u00e3o tem compromisso e nem seriedade com a educa\u00e7\u00e3o.\u201d<\/p>\n<p>&nbsp;<\/p>\n<p>Todo apoio \u00e0 professora Viviane! Pela retirada imediata do processo!<\/p>\n<p>Racistas n\u00e3o passar\u00e3o!<\/p>\n<p>&nbsp;<\/p>\n<p>Publica\u00e7\u00e3o da Comiss\u00e3o da APEOESP Itapecerica da Serra \u2013 Ano 04 \u2013 Boletim 010<\/p>\n","protected":false},"excerpt":{"rendered":"<p>A Diretoria de Ensino de Tabo\u00e3o da Serra, a pedido da dire\u00e7\u00e3o da Escola Estadual Nigro Gava, abriu um processo<\/p>\n","protected":false},"author":3,"featured_media":4583,"comment_status":"open","ping_status":"open","sticky":false,"template":"","format":"standard","meta":{"footnotes":""},"categories":[1,4],"tags":[],"class_list":["post-4582","post","type-post","status-publish","format-standard","has-post-thumbnail","hentry","category-destaque","category-noticias"],"_links":{"self":[{"href":"https:\/\/folhadopirajucara.com.br\/index.php\/wp-json\/wp\/v2\/posts\/4582"}],"collection":[{"href":"https:\/\/folhadopirajucara.com.br\/index.php\/wp-json\/wp\/v2\/posts"}],"about":[{"href":"https:\/\/folhadopirajucara.com.br\/index.php\/wp-json\/wp\/v2\/types\/post"}],"author":[{"embeddable":true,"href":"https:\/\/folhadopirajucara.com.br\/index.php\/wp-json\/wp\/v2\/users\/3"}],"replies":[{"embeddable":true,"href":"https:\/\/folhadopirajucara.com.br\/index.php\/wp-json\/wp\/v2\/comments?post=4582"}],"version-history":[{"count":0,"href":"https:\/\/folhadopirajucara.com.br\/index.php\/wp-json\/wp\/v2\/posts\/4582\/revisions"}],"wp:featuredmedia":[{"embeddable":true,"href":"https:\/\/folhadopirajucara.com.br\/index.php\/wp-json\/wp\/v2\/media\/4583"}],"wp:attachment":[{"href":"https:\/\/folhadopirajucara.com.br\/index.php\/wp-json\/wp\/v2\/media?parent=4582"}],"wp:term":[{"taxonomy":"category","embeddable":true,"href":"https:\/\/folhadopirajucara.com.br\/index.php\/wp-json\/wp\/v2\/categories?post=4582"},{"taxonomy":"post_tag","embeddable":true,"href":"https:\/\/folhadopirajucara.com.br\/index.php\/wp-json\/wp\/v2\/tags?post=4582"}],"curies":[{"name":"wp","href":"https:\/\/api.w.org\/{rel}","templated":true}]}}