{"id":4585,"date":"2021-09-18T13:08:12","date_gmt":"2021-09-18T16:08:12","guid":{"rendered":"http:\/\/folhadopirajucara.com.br\/?p=4585"},"modified":"2021-09-18T13:08:12","modified_gmt":"2021-09-18T16:08:12","slug":"sos-natureza-ambientalistas-da-regiao-sudoeste-discutem-emergencia-climatica-com-entidades-internacionais","status":"publish","type":"post","link":"https:\/\/folhadopirajucara.com.br\/index.php\/2021\/09\/18\/sos-natureza-ambientalistas-da-regiao-sudoeste-discutem-emergencia-climatica-com-entidades-internacionais\/","title":{"rendered":"SOS Natureza: Ambientalistas da Regi\u00e3o Sudoeste discutem Emerg\u00eancia Clim\u00e1tica com Entidades Internacionais"},"content":{"rendered":"<h3>Entidades Ambientalistas da Regi\u00e3o Sudoeste de S\u00e3o Paulo participam da programa\u00e7\u00e3o das Jornadas Preparat\u00f3rias para a 26\u00aa Confer\u00eancia das Na\u00e7\u00f5es Unidas sobre as Mudan\u00e7as Clim\u00e1ticas (COP 26), promovidas pelo PROAM &#8211; <a href=\"http:\/\/www.proam.org.br\/\">Instituto Brasileiro de Prote\u00e7\u00e3o Ambiental<\/a>, em conjunto com institui\u00e7\u00f5es do Brasil e do Exterior.<\/h3>\n<p>O Brasil est\u00e1 entre os pa\u00edses mais atingidos pelas mudan\u00e7as clim\u00e1ticas, apresentando aumentos de temperaturas perigosamente acima da m\u00e9dia global. H\u00e1 uma perda cont\u00ednua de \u00e1reas florestadas e consequentemente do volume de \u00e1gua nos reservat\u00f3rios. A regi\u00e3o Sudoeste do Brasil vive a pior crise h\u00eddrica dos \u00faltimos 91 anos, incorrendo em riscos socioambientais como desabastecimento de \u00e1gua e apag\u00f5es, al\u00e9m de preju\u00edzos na produ\u00e7\u00e3o de alimentos. Preocupados com todo esse cen\u00e1rio, representantes das lutas em defesa do meio ambiente em nossa regi\u00e3o Sudoeste estar\u00e3o representados no encontro que acontece em 25\/09\/2021, na plataforma YouTube da Proam: Preservar Itapecerica e Cooperativa de Reciclagem Recicla Vera Cruz de Itapecerica da Serra, Sociedade Ecol\u00f3gica Amigos de Embu, de Embu das Artes, Coletivo Panverde e Rede Mosaico de Cotia e o Instituo Ixixa por S\u00e3o Louren\u00e7o da Serra.<\/p>\n<p>As Jornadas contam com participa\u00e7\u00e3o de importantes entidades do exterior, reconhecidas internacionalmente, como as argentinas: Fundaci\u00f3n Metropolitana e Fundaci\u00f3n Ecologista Verde, esta \u00faltima presidida por Juan Manuel Velasco, ex-Ministro de Meio Ambiente da cidade aut\u00f4noma de Buenos Aires. O evento conta tamb\u00e9m com a participa\u00e7\u00e3o da Green Cross International, organiza\u00e7\u00e3o\u00a0<a href=\"https:\/\/en.wikipedia.org\/wiki\/Environmentalism\">ambientalista<\/a>\u00a0com sede em\u00a0<a href=\"https:\/\/en.wikipedia.org\/wiki\/Geneva\">Genebra<\/a>, Su\u00ed\u00e7a, fundada pelo ex-l\u00edder\u00a0<a href=\"https:\/\/en.wikipedia.org\/wiki\/Soviet_Union\">sovi\u00e9tico\u00a0<\/a><a href=\"https:\/\/en.wikipedia.org\/wiki\/Mikhail_Gorbachev\">Mikhail Gorbachev<\/a>. Outra importante participa\u00e7\u00e3o \u00e9 do Coletivo de Entidades Ambientalistas \u2013 CEAC-CONSEMA, que re\u00fane v\u00e1rias entidades ambientalistas de todo Estado de S\u00e3o Paulo, que h\u00e1 30 anos vem monitorando as pol\u00edticas ambientais do Estado e participando dos conselhos, como por exemplo o Consema \u2013 Conselho Estadual do Meio Ambiente, do qual est\u00e3o afastados no momento, pedindo a redemocratiza\u00e7\u00e3o do mesmo, por meio de A\u00e7\u00e3o Civil P\u00fablica.<\/p>\n<p>A COP 26 \u00e9 principal c\u00fapula da ONU para debate sobre quest\u00f5es clim\u00e1ticas, que acontecer\u00e1 em Glasgow, na Esc\u00f3cia. As Jornadas Preparat\u00f3rias para a COP26, promovidas pelo PROAM est\u00e3o sendo realizadas na Regi\u00e3o do Vale do Para\u00edba, na Regi\u00e3o Metropolitana de S\u00e3o Paulo, incluindo os movimentos do Grande ABC \u2013 Billings, da Regi\u00e3o Central da Metr\u00f3pole de S\u00e3o Paulo e no Sudoeste da Regi\u00e3o Metropolitana de S\u00e3o Paulo e o maior objetivo das Jornadas Preparat\u00f3rias \u00e9 por meio das discuss\u00f5es nas v\u00e1rias regi\u00f5es, gerar um documento com reivindica\u00e7\u00f5es a serem entregues durante a COP 26, no evento que acontece em novembro deste ano.<\/p>\n<p>Participe! Ainda h\u00e1 tempo para agir!<\/p>\n<p>25\/09\/2021 &#8211; Jornadas Preparat\u00f3rias para COP 26 \u2013 LIVE: Emerg\u00eancia Clim\u00e1tica: Desafios do Sudoeste da RMSP, AO VIVO no Youtube do PROAM:<\/p>\n<p><a href=\"https:\/\/youtu.be\/UAhY_aLzAwk\">https:\/\/youtu.be\/UAhY_aLzAwk<\/a><\/p>\n<p>&nbsp;<\/p>\n<p>&nbsp;<\/p>\n<figure id=\"attachment_3241\" aria-describedby=\"caption-attachment-3241\" style=\"width: 148px\" class=\"wp-caption aligncenter\"><img loading=\"lazy\" decoding=\"async\" class=\" wp-image-3241\" src=\"https:\/\/folhadopirajucara.com.br\/wp-content\/uploads\/2020\/12\/Abelh\u00e3o.jpg\" alt=\"\" width=\"148\" height=\"151\" srcset=\"https:\/\/folhadopirajucara.com.br\/wp-content\/uploads\/2020\/12\/Abelh\u00e3o.jpg 600w, https:\/\/folhadopirajucara.com.br\/wp-content\/uploads\/2020\/12\/Abelh\u00e3o-293x300.jpg 293w\" sizes=\"(max-width: 148px) 100vw, 148px\" \/><figcaption id=\"caption-attachment-3241\" class=\"wp-caption-text\">*por: Adriana Abelh\u00e3o<\/figcaption><\/figure>\n","protected":false},"excerpt":{"rendered":"<p>Entidades Ambientalistas da Regi\u00e3o Sudoeste de S\u00e3o Paulo participam da programa\u00e7\u00e3o das Jornadas Preparat\u00f3rias para a 26\u00aa Confer\u00eancia das Na\u00e7\u00f5es<\/p>\n","protected":false},"author":3,"featured_media":4586,"comment_status":"open","ping_status":"open","sticky":false,"template":"","format":"standard","meta":{"footnotes":""},"categories":[1,4],"tags":[],"class_list":["post-4585","post","type-post","status-publish","format-standard","has-post-thumbnail","hentry","category-destaque","category-noticias"],"_links":{"self":[{"href":"https:\/\/folhadopirajucara.com.br\/index.php\/wp-json\/wp\/v2\/posts\/4585"}],"collection":[{"href":"https:\/\/folhadopirajucara.com.br\/index.php\/wp-json\/wp\/v2\/posts"}],"about":[{"href":"https:\/\/folhadopirajucara.com.br\/index.php\/wp-json\/wp\/v2\/types\/post"}],"author":[{"embeddable":true,"href":"https:\/\/folhadopirajucara.com.br\/index.php\/wp-json\/wp\/v2\/users\/3"}],"replies":[{"embeddable":true,"href":"https:\/\/folhadopirajucara.com.br\/index.php\/wp-json\/wp\/v2\/comments?post=4585"}],"version-history":[{"count":0,"href":"https:\/\/folhadopirajucara.com.br\/index.php\/wp-json\/wp\/v2\/posts\/4585\/revisions"}],"wp:featuredmedia":[{"embeddable":true,"href":"https:\/\/folhadopirajucara.com.br\/index.php\/wp-json\/wp\/v2\/media\/4586"}],"wp:attachment":[{"href":"https:\/\/folhadopirajucara.com.br\/index.php\/wp-json\/wp\/v2\/media?parent=4585"}],"wp:term":[{"taxonomy":"category","embeddable":true,"href":"https:\/\/folhadopirajucara.com.br\/index.php\/wp-json\/wp\/v2\/categories?post=4585"},{"taxonomy":"post_tag","embeddable":true,"href":"https:\/\/folhadopirajucara.com.br\/index.php\/wp-json\/wp\/v2\/tags?post=4585"}],"curies":[{"name":"wp","href":"https:\/\/api.w.org\/{rel}","templated":true}]}}