{"id":4653,"date":"2021-10-14T14:49:23","date_gmt":"2021-10-14T17:49:23","guid":{"rendered":"http:\/\/folhadopirajucara.com.br\/?p=4653"},"modified":"2021-10-15T14:51:06","modified_gmt":"2021-10-15T17:51:06","slug":"live-do-sispesp-vai-abordar-a-ansiedade-o-mal-do-seculo","status":"publish","type":"post","link":"https:\/\/folhadopirajucara.com.br\/index.php\/2021\/10\/14\/live-do-sispesp-vai-abordar-a-ansiedade-o-mal-do-seculo\/","title":{"rendered":"Live do Sispesp vai abordar a ansiedade, o mal do s\u00e9culo"},"content":{"rendered":"<p style=\"font-weight: 400;\">Nesta sexta-feira, \u00e0s 18 horas, o Sispesp promove live para falar sobre ansiedade e seus impactos na vida profissional e pessoal de um indiv\u00edduo. O objetivo \u00e9 esclarecer e mostrar a import\u00e2ncia de cuidar da sa\u00fade mental.<\/p>\n<p>A ansiedade e os transtornos de ansiedade s\u00e3o um conjunto de doen\u00e7as psiqui\u00e1tricas marcadas pela preocupa\u00e7\u00e3o excessiva ou constante de que algo negativo vai acontecer. Durante as crises de ansiedade, as pessoas n\u00e3o conseguem se ater ao presente e sentem uma grande tens\u00e3o, \u00e0s vezes sem um motivo aparente.<\/p>\n<p>A transmiss\u00e3o vai contar com a participa\u00e7\u00e3o do presidente do Sispesp, Lineu Mazano, da diretora de Assuntos da Mulher do Sispesp, K\u00e1tia Rodrigues, e da psic\u00f3loga Ana Maria Canejo, que vai explicar como identificar a ansiedade e como tratar. \u201c\u00c9 preciso ter a consci\u00eancia sobre a import\u00e2ncia de tratar doen\u00e7as mentais como a ansiedade, que a princ\u00edpio parece inofensiva, mas n\u00e3o \u00e9. Pode trazer grandes preju\u00edzos para a vida de quem desenvolve\u201d, afirma a psic\u00f3loga.<\/p>\n<p><strong>Mal do s\u00e9culo<\/strong>\u00a0&#8211; A ansiedade e considerada o mal do s\u00e9culo. De acordo com a Organiza\u00e7\u00e3o Mundial da Sa\u00fade (OMS), 264 milh\u00f5es de indiv\u00edduos vivem com transtornos de ansiedade no planeta. eles atingem 9,3% da popula\u00e7\u00e3o, o que faz do nosso pa\u00eds o l\u00edder no ranking.<\/p>\n<p>Lineu Mazano lembra que, preocupado com a situa\u00e7\u00e3o, o Sindicato oferece servi\u00e7o de Acolhimento Psicol\u00f3gico aos associados. \u201c\u00c9 fundamental cuidar do bem-estar mental, mas sabemos que nem todos podem arcar com alto custo. Por isso, nosso servi\u00e7o \u00e9 gratuito para os associados. \u00c9 s\u00f3 ligar e agendar\u201d, explica.<\/p>\n<p><strong>Transmiss\u00e3o<\/strong>\u00a0\u2013 Sexta-feira, dia 15, a partir das 18 horas pela p\u00e1gina do Sispesp no\u00a0<a href=\"https:\/\/www.facebook.com\/sispesp\/?ref=pages_you_manage\" data-saferedirecturl=\"https:\/\/www.google.com\/url?q=https:\/\/www.facebook.com\/sispesp\/?ref%3Dpages_you_manage&amp;source=gmail&amp;ust=1634406533989000&amp;usg=AFQjCNF4GMXD-9FfiT-jl1fQFP7OFe328w\">Facebook<\/a>\\sispesp. Assista. Compartilhe. Ajude a divulgar e alcan\u00e7ar mais pessoas.<\/p>\n","protected":false},"excerpt":{"rendered":"<p>Nesta sexta-feira, \u00e0s 18 horas, o Sispesp promove live para falar sobre ansiedade e seus impactos na vida profissional e<\/p>\n","protected":false},"author":3,"featured_media":4654,"comment_status":"open","ping_status":"open","sticky":false,"template":"","format":"standard","meta":{"footnotes":""},"categories":[36,1,4],"tags":[],"class_list":["post-4653","post","type-post","status-publish","format-standard","has-post-thumbnail","hentry","category-coluna-do-servidor","category-destaque","category-noticias"],"_links":{"self":[{"href":"https:\/\/folhadopirajucara.com.br\/index.php\/wp-json\/wp\/v2\/posts\/4653"}],"collection":[{"href":"https:\/\/folhadopirajucara.com.br\/index.php\/wp-json\/wp\/v2\/posts"}],"about":[{"href":"https:\/\/folhadopirajucara.com.br\/index.php\/wp-json\/wp\/v2\/types\/post"}],"author":[{"embeddable":true,"href":"https:\/\/folhadopirajucara.com.br\/index.php\/wp-json\/wp\/v2\/users\/3"}],"replies":[{"embeddable":true,"href":"https:\/\/folhadopirajucara.com.br\/index.php\/wp-json\/wp\/v2\/comments?post=4653"}],"version-history":[{"count":1,"href":"https:\/\/folhadopirajucara.com.br\/index.php\/wp-json\/wp\/v2\/posts\/4653\/revisions"}],"predecessor-version":[{"id":4655,"href":"https:\/\/folhadopirajucara.com.br\/index.php\/wp-json\/wp\/v2\/posts\/4653\/revisions\/4655"}],"wp:featuredmedia":[{"embeddable":true,"href":"https:\/\/folhadopirajucara.com.br\/index.php\/wp-json\/wp\/v2\/media\/4654"}],"wp:attachment":[{"href":"https:\/\/folhadopirajucara.com.br\/index.php\/wp-json\/wp\/v2\/media?parent=4653"}],"wp:term":[{"taxonomy":"category","embeddable":true,"href":"https:\/\/folhadopirajucara.com.br\/index.php\/wp-json\/wp\/v2\/categories?post=4653"},{"taxonomy":"post_tag","embeddable":true,"href":"https:\/\/folhadopirajucara.com.br\/index.php\/wp-json\/wp\/v2\/tags?post=4653"}],"curies":[{"name":"wp","href":"https:\/\/api.w.org\/{rel}","templated":true}]}}