{"id":4656,"date":"2021-10-15T23:21:00","date_gmt":"2021-10-16T02:21:00","guid":{"rendered":"http:\/\/folhadopirajucara.com.br\/?p=4656"},"modified":"2021-10-15T23:21:00","modified_gmt":"2021-10-16T02:21:00","slug":"campanha-em-defesa-dos-professores-alex-viana-e-viviane-pereira","status":"publish","type":"post","link":"https:\/\/folhadopirajucara.com.br\/index.php\/2021\/10\/15\/campanha-em-defesa-dos-professores-alex-viana-e-viviane-pereira\/","title":{"rendered":"Campanha em defesa dos professores Alex Viana e Viviane Pereira"},"content":{"rendered":"<p>Professores Estaduais de Tabo\u00e3o da Serra e Itapecerica da Serra continuam respondendo processos administrativos movidos pela dire\u00e7\u00e3o de suas escolas junto \u00e1s Diretorias de Ensino das cidades.<\/p>\n<p>A professora Viviane Pereira, de Tabo\u00e3o da Serra, est\u00e1 recebendo manifesta\u00e7\u00f5es de apoio de diversos segmentos da cidade. A gestora Rubiane Fran\u00e7a, do N\u00facleo local do MNU \u2013 Movimento Negro Unificado, protocolou of\u00edcio junto a Delegacia de Ensino de Tabo\u00e3o da Serra, solicitando informa\u00e7\u00f5es sobre o processo administrativo. \u201cH\u00e1 mais de 15 dias pedimos as informa\u00e7\u00f5es para que a nossa entidade possa se manifestar a respeito. N\u00f3s temos todas as declara\u00e7\u00f5es da prof\u00aa Viviane, mas n\u00e3o temos nada sobre o conte\u00fado desse processo administrativo\u201d, declarou ela.<\/p>\n<p>Tamb\u00e9m, Antonio Carlos Sousa Santos, gestor da CEPIR \u2013 Coordenadoria Especial da Promo\u00e7\u00e3o da Igualdade Racial de Tabo\u00e3o da Serra, encaminhou aos \u00f3rg\u00e3os estaduais referente as quest\u00f5es raciais, para que, tamb\u00e9m, se pronunciem sobre o fato.<\/p>\n<p>Em Itapecerica da Serra, o professor Alex Viana, tamb\u00e9m tem recebido manifesta\u00e7\u00f5es de apoio da sociedade civil organizada. Entre esses apoiamentos destaque para as ONG\u2019s Preservar Itapecerica, Coletivo Marieli Franco, entre outras. As sedes das Apeoesp de Itapecerica e Tabo\u00e3o da Serra est\u00e3o mobilizadas em defesa dos professores.<\/p>\n<p>Para entender melhor os casos, vale a pena relembrar os acontecimentos:<\/p>\n<h4 style=\"text-align: center;\">Tabo\u00e3o da Serra<\/h4>\n<p>Em Tabo\u00e3o da Serra, a Diretoria de Ensino, a pedido da dire\u00e7\u00e3o da escola Estadual Nigro Gava, abriu processo administrativo contra a professora Viviane Pereira. Ativista do movimento negro, de defesa dos direitos das mulheres e LGBTQI\u2019s, Viviane sofre persegui\u00e7\u00e3o por conta dos projetos de conscientiza\u00e7\u00e3o contra o racismo em sala de aula, como o projeto \u201cExistir e Resistir\u201d, desenvolvido durante o m\u00eas da Consci\u00eancia Negra.<\/p>\n<p>Em 2019, o projeto da professora Viviane foi censurado. A frase do rapper Djonga \u201cFogo nos racistas\u201d, colocada pelos pr\u00f3prios alunos, foi arrancada do mural da escola. Agora, a professora sofre processo por ser \u201cexagerada\u201d na luta contra o racismo. Viviane j\u00e1 realizou v\u00e1rias den\u00fancias na Ouvidoria da Diretoria de Ensino sobre pr\u00e1ticas preconceituosas sofridas por estudantes na escola Nigro Gava, mas, al\u00e9m de nada fazer em rela\u00e7\u00e3o a isso, a Diretoria persegue a professora em sua luta contra o racismo.<\/p>\n<p style=\"text-align: center;\"><strong>Itapecerica da Serra<\/strong><\/p>\n<p>Em Itapecerica da Serra, o professor de Hist\u00f3ria e Sociologia, Alex Viana, sofre processo administrativo por participar de uma mobiliza\u00e7\u00e3o de trabalhadores da educa\u00e7\u00e3o, alunos e familiares contra o Projeto Escola Integral (PEI), do governo do estado.<\/p>\n<p>Esse projeto, para muitos ativistas, teria sido imposto de forma autorit\u00e1ria, onde estudantes devem ficar 8 horas dentro da escola, sem terem, supostamente, que sejam garantidos investimentos para a melhoria do ensino. Extinguiria, al\u00e9m disso, os turnos noturnos, penalizando os alunos que trabalham, al\u00e9m de impor um regime de trabalho mais pesado aos professores, que s\u00e3o obrigados a abrir m\u00e3o de v\u00e1rios direitos como a estabilidade, e provocar o aumento do ass\u00e9dio moral.<\/p>\n<p>Na escola do professor Alex Viana, Sophia Maria, a PEI teria sido implantada amea\u00e7ando os alunos com a pol\u00edcia e trancando-os com grades no corredor da escola, al\u00e9m de v\u00e1rios outras situa\u00e7\u00f5es absurdas.<\/p>\n","protected":false},"excerpt":{"rendered":"<p>Professores Estaduais de Tabo\u00e3o da Serra e Itapecerica da Serra continuam respondendo processos administrativos movidos pela dire\u00e7\u00e3o de suas escolas<\/p>\n","protected":false},"author":3,"featured_media":4657,"comment_status":"open","ping_status":"open","sticky":false,"template":"","format":"standard","meta":{"footnotes":""},"categories":[1,16,4,10],"tags":[],"class_list":["post-4656","post","type-post","status-publish","format-standard","has-post-thumbnail","hentry","category-destaque","category-itapecerica-da-serra","category-noticias","category-taboao-da-serra"],"_links":{"self":[{"href":"https:\/\/folhadopirajucara.com.br\/index.php\/wp-json\/wp\/v2\/posts\/4656"}],"collection":[{"href":"https:\/\/folhadopirajucara.com.br\/index.php\/wp-json\/wp\/v2\/posts"}],"about":[{"href":"https:\/\/folhadopirajucara.com.br\/index.php\/wp-json\/wp\/v2\/types\/post"}],"author":[{"embeddable":true,"href":"https:\/\/folhadopirajucara.com.br\/index.php\/wp-json\/wp\/v2\/users\/3"}],"replies":[{"embeddable":true,"href":"https:\/\/folhadopirajucara.com.br\/index.php\/wp-json\/wp\/v2\/comments?post=4656"}],"version-history":[{"count":1,"href":"https:\/\/folhadopirajucara.com.br\/index.php\/wp-json\/wp\/v2\/posts\/4656\/revisions"}],"predecessor-version":[{"id":4658,"href":"https:\/\/folhadopirajucara.com.br\/index.php\/wp-json\/wp\/v2\/posts\/4656\/revisions\/4658"}],"wp:featuredmedia":[{"embeddable":true,"href":"https:\/\/folhadopirajucara.com.br\/index.php\/wp-json\/wp\/v2\/media\/4657"}],"wp:attachment":[{"href":"https:\/\/folhadopirajucara.com.br\/index.php\/wp-json\/wp\/v2\/media?parent=4656"}],"wp:term":[{"taxonomy":"category","embeddable":true,"href":"https:\/\/folhadopirajucara.com.br\/index.php\/wp-json\/wp\/v2\/categories?post=4656"},{"taxonomy":"post_tag","embeddable":true,"href":"https:\/\/folhadopirajucara.com.br\/index.php\/wp-json\/wp\/v2\/tags?post=4656"}],"curies":[{"name":"wp","href":"https:\/\/api.w.org\/{rel}","templated":true}]}}