{"id":469,"date":"2018-08-24T21:36:38","date_gmt":"2018-08-24T23:36:38","guid":{"rendered":"http:\/\/folhadopirajucara.com.br\/?p=469"},"modified":"2018-08-24T21:36:38","modified_gmt":"2018-08-24T23:36:38","slug":"vereador-carlinhos-do-embu-pede-anistia-de-multas-e-juros-em-debitos-de-divida-ativa","status":"publish","type":"post","link":"https:\/\/folhadopirajucara.com.br\/index.php\/2018\/08\/24\/vereador-carlinhos-do-embu-pede-anistia-de-multas-e-juros-em-debitos-de-divida-ativa\/","title":{"rendered":"Vereador Carlinhos do Embu pede anistia de multas e juros em d\u00e9bitos de d\u00edvida ativa"},"content":{"rendered":"<p><img loading=\"lazy\" decoding=\"async\" class=\"size-medium wp-image-472 alignleft\" src=\"https:\/\/folhadopirajucara.com.br\/wp-content\/uploads\/2018\/08\/Carlinhos-do-Embu-1-300x218.jpg\" alt=\"\" width=\"300\" height=\"218\" srcset=\"https:\/\/folhadopirajucara.com.br\/wp-content\/uploads\/2018\/08\/Carlinhos-do-Embu-1-300x218.jpg 300w, https:\/\/folhadopirajucara.com.br\/wp-content\/uploads\/2018\/08\/Carlinhos-do-Embu-1.jpg 600w\" sizes=\"(max-width: 300px) 100vw, 300px\" \/>Para beneficiar embuenses com multas pendentes, o vice presidente da C\u00e2mara Municipal, vereador Carlinhos do Embu apresentou propositura que solicita melhorias no c\u00e1lculo do valor de d\u00e9bitos de d\u00edvidas municipais.<\/p>\n<p>O vereador Carlinhos do Embu, \u00e9 autor da indica\u00e7\u00e3o 348\/2018 que pede a realiza\u00e7\u00e3o de estudos visando 100% (cem por cento) de isen\u00e7\u00e3o de multas, juros e corre\u00e7\u00e3o monet\u00e1ria, incluindo esse benef\u00edcio nos parcelamentos que n\u00e3o foram quitados, verificando a possibilidade de uma quantidade de parcela mantendo o mesmo desconto, priorizando as resid\u00eancias.<\/p>\n<p>O projeto do vereador aplica-se sobre juros e multa morat\u00f3rias para pagamento \u00e0 vista dos d\u00e9bitos de impostos, taxas e multas administrativas no munic\u00edpio, lan\u00e7ados na d\u00edvida ativa da Prefeitura Municipal de Embu das Artes.<\/p>\n<p>Para Carlinhos do Embu a situa\u00e7\u00e3o econ\u00f4mica do Pa\u00eds n\u00e3o est\u00e1 ajudando o povo brasileiro, com milh\u00f5es de desempregados \u201cpor isso, essa indica\u00e7\u00e3o ir\u00e1 beneficiar v\u00e1rios mun\u00edcipes que est\u00e3o com d\u00edvidas de IPTU, ISS e outros\u201d, concluiu ele. &#8220;Continuarei na luta para ajudar os mun\u00edcipes&#8221;, finalizou o vereador.<\/p>\n","protected":false},"excerpt":{"rendered":"<p>Para beneficiar embuenses com multas pendentes, o vice presidente da C\u00e2mara Municipal, vereador Carlinhos do Embu apresentou propositura que solicita<\/p>\n","protected":false},"author":3,"featured_media":471,"comment_status":"open","ping_status":"open","sticky":false,"template":"","format":"standard","meta":{"footnotes":""},"categories":[15,4],"tags":[],"class_list":["post-469","post","type-post","status-publish","format-standard","has-post-thumbnail","hentry","category-embu-das-artes","category-noticias"],"_links":{"self":[{"href":"https:\/\/folhadopirajucara.com.br\/index.php\/wp-json\/wp\/v2\/posts\/469"}],"collection":[{"href":"https:\/\/folhadopirajucara.com.br\/index.php\/wp-json\/wp\/v2\/posts"}],"about":[{"href":"https:\/\/folhadopirajucara.com.br\/index.php\/wp-json\/wp\/v2\/types\/post"}],"author":[{"embeddable":true,"href":"https:\/\/folhadopirajucara.com.br\/index.php\/wp-json\/wp\/v2\/users\/3"}],"replies":[{"embeddable":true,"href":"https:\/\/folhadopirajucara.com.br\/index.php\/wp-json\/wp\/v2\/comments?post=469"}],"version-history":[{"count":0,"href":"https:\/\/folhadopirajucara.com.br\/index.php\/wp-json\/wp\/v2\/posts\/469\/revisions"}],"wp:featuredmedia":[{"embeddable":true,"href":"https:\/\/folhadopirajucara.com.br\/index.php\/wp-json\/wp\/v2\/media\/471"}],"wp:attachment":[{"href":"https:\/\/folhadopirajucara.com.br\/index.php\/wp-json\/wp\/v2\/media?parent=469"}],"wp:term":[{"taxonomy":"category","embeddable":true,"href":"https:\/\/folhadopirajucara.com.br\/index.php\/wp-json\/wp\/v2\/categories?post=469"},{"taxonomy":"post_tag","embeddable":true,"href":"https:\/\/folhadopirajucara.com.br\/index.php\/wp-json\/wp\/v2\/tags?post=469"}],"curies":[{"name":"wp","href":"https:\/\/api.w.org\/{rel}","templated":true}]}}