{"id":4739,"date":"2021-11-09T22:54:45","date_gmt":"2021-11-10T01:54:45","guid":{"rendered":"http:\/\/folhadopirajucara.com.br\/?p=4739"},"modified":"2021-11-09T22:54:45","modified_gmt":"2021-11-10T01:54:45","slug":"manifesto-dos-ambientalistas-da-regiao-para-a-cop26","status":"publish","type":"post","link":"https:\/\/folhadopirajucara.com.br\/index.php\/2021\/11\/09\/manifesto-dos-ambientalistas-da-regiao-para-a-cop26\/","title":{"rendered":"Manifesto dos Ambientalistas da Regi\u00e3o para a COP26"},"content":{"rendered":"<blockquote>\n<p style=\"text-align: center;\"><em><strong>Entidades Ambientalistas de Itapecerica da Serra, Embu das Artes, Cotia, Juquitiba e S\u00e3o Louren\u00e7o encaminham manifesto para a COP26 que est\u00e1 sendo realizada em Glasgow, na Esc\u00f3cia.<\/strong><\/em><\/p>\n<\/blockquote>\n<p>&nbsp;<\/p>\n<p>Vivemos em um dos \u00faltimos remanescentes da Mata Atl\u00e2ntica do pa\u00eds, do qual restou apenas 12% do total original. Este bioma \u00e9 simplesmente o mais rico em biodiversidade do Planeta, superando a Amaz\u00f4nia e constitui parte do Cintur\u00e3o Verde da Reserva da Biosfera da Cidade de S\u00e3o Paulo, uma titularidade concedida pela Unesco a regi\u00f5es de intensa import\u00e2ncia para a preserva\u00e7\u00e3o da biodiversidade, com chancela do Programa Intergovernamental da ONU \u201cO Homem e a Biosfera\u201d, e que tem grande relev\u00e2ncia no contexto de emerg\u00eancias clim\u00e1ticas.<br \/>\nNos \u00faltimos anos o bioma tem sido duramente devastado. Os fatores mais comuns da destrui\u00e7\u00e3o s\u00e3o o desmatamento, a especula\u00e7\u00e3o imobili\u00e1ria, a agricultura e pecu\u00e1ria intensivas e a minera\u00e7\u00e3o. Neste cen\u00e1rio, tanto a fauna quanto a flora pedem socorro.<br \/>\nLutam para sobreviver pequenos felinos selvagens, macacos, pregui\u00e7as, roedores de pequeno e m\u00e9dio porte, aves, r\u00e9pteis e insetos, incluindo importantes polinizadores. Do outro lado, resistem esp\u00e9cimes e \u00e1reas verdes, com destaque para Reserva Florestal Morro Grande, \u00e1rea verde de 10 mil hectares produtora de \u00e1gua e que abriga uma das 3 florestas negras do mundo (al\u00e9m da existente em Stuttgart, Alemanha, e Gramado, no Brasil), abastecendo cerca de 500 mil habitantes da Grande S\u00e3o Paulo. Temos tamb\u00e9m parques e represas que se interligam ao Parque da Serra do Mar, a maior \u00e1rea remanescente de Mata Atl\u00e2ntica do Estado de S\u00e3o Paulo.<br \/>\nResistindo a este cen\u00e1rio de destrui\u00e7\u00e3o inclui-se, al\u00e9m da mata e dos animais, a preciosa \u00e1gua. Por aqui contamos com o Rio Embu Mirim, com mais de 30% de toda \u00e1gua distribu\u00edda para o Sistema Guarapiranga, que abastece 5 milh\u00f5es de pessoas na Regi\u00e3o Metropolitana de S\u00e3o Paulo, entre outros veios e reservat\u00f3rios de \u00e1gua, muitos deles subterr\u00e2neos. Essa \u00e1gua preciosa, apesar das diversas leis protetivas existentes, vem sendo sistematicamente comprometida. Por aqui convergem efluentes polu\u00eddos brutos de pelo menos 60% das casas e empresas. A concession\u00e1ria de \u00e1guas respons\u00e1vel pelo tratamento dos esgotos descumpre flagrantemente as cl\u00e1usulas contratuais firmadas com os munic\u00edpios, ainda que tenha apresentado lucro l\u00edquido de R$ 773 milh\u00f5es, no \u00faltimo trimestre de 2021.<br \/>\nInfelizmente, somos um exemplo do que se repete em outras \u00e1reas do Brasil. Contudo, no Estado de S\u00e3o Paulo, a despeito de a\u00e7\u00f5es de marketing do atual governador \u2013 que visando angariar votos para sua candidatura \u00e0 Presid\u00eancia da Rep\u00fablica, no pr\u00f3ximo ano, tem levantado bandeiras de defesa do meio ambiente, sem de fato estar comprometido com a causa preservacionista \u2013 a situa\u00e7\u00e3o se apresenta especialmente grave. Isto porque o governo estadual repete a pol\u00edtica federal, intensificando a neglig\u00eancia estatal. Por aqui, como no governo da Uni\u00e3o, h\u00e1 um acelerado e sistem\u00e1tico desmonte dos organismos de controle e monitoramento de \u00e1reas naturais, com ataques ao controle social, aos conselhos e comit\u00eas, aos \u00f3rg\u00e3os de fiscaliza\u00e7\u00e3o e de planejamento de pol\u00edticas p\u00fablicas, al\u00e9m do desmantelamento de institutos de pesquisa. Por exemplo, foram extintos institutos centen\u00e1rios, imprescind\u00edveis para o enfrentamento das Mudan\u00e7as Clim\u00e1ticas: o Instituto Florestal, o Instituto Biol\u00f3gico e o Instituto Geol\u00f3gico.<br \/>\nA destrui\u00e7\u00e3o relatada \u00e9 comprovada. Dados recentes do IPCC, Painel Intergovernamental sobre Mudan\u00e7as Clim\u00e1ticas, mostram que a temperatura m\u00e9dia no Brasil aumentou 1,7\u00baC, contrariando previs\u00f5es de que aquecer\u00edamos em n\u00edvel global mais 1,5\u00baC apenas em 2100, n\u00e3o sendo surpresa estarmos enfrentando a maior seca no pa\u00eds em 90 anos. Levantamento do Atas da Mata Atl\u00e2ntica, com o aval do Instituto Nacional de Pesquisas Espaciais (Inpe), apontou crescimento no desmatamento de 400%, entre 2019 e 2020.<br \/>\nA sociedade civil organizada segue denunciando todo este triste estado de destrui\u00e7\u00e3o, mesmo sob amea\u00e7as e retalia\u00e7\u00f5es, provocando a instaura\u00e7\u00e3o de Inqu\u00e9ritos Policiais e gerando dados precisos para que as fiscaliza\u00e7\u00f5es municipais tomem provid\u00eancias. Apesar disso, as devidas provid\u00eancias n\u00e3o s\u00e3o tomadas e a destrui\u00e7\u00e3o continua dia-a-dia.<br \/>\nDiante desse cen\u00e1rio t\u00e3o desfavor\u00e1vel que nos atinge, assim como em todo pa\u00eds, consequ\u00eancia de um sist\u00eamico retrocesso ambiental orquestrado pela a\u00e7\u00e3o dos atuais governos, aliados a grupos econ\u00f4micos de matriz predat\u00f3ria e espoliadora, marcada pela insustentabilidade, pela destrui\u00e7\u00e3o da participa\u00e7\u00e3o popular e do controle social dos processos, a Sociedade Civil organizada de nossa Regi\u00e3o vem pedir ajuda junto ao Minist\u00e9rio P\u00fablico e ao Judici\u00e1rio, por meio da atua\u00e7\u00e3o das Organiza\u00e7\u00f5es N\u00e3o Governamentais de Defesa do Meio Ambiente, quanto:<\/p>\n<p>\u2022 Ao cumprimento das Leis de Defesa do Meio Ambiente;<br \/>\n\u2022 \u00c0 Implementa\u00e7\u00e3o da Fiscaliza\u00e7\u00e3o Integrada, determinada por nossa Lei Espec\u00edfica de Prote\u00e7\u00e3o de Mananciais, que prev\u00ea os instrumentos de vigil\u00e2ncia e controle para coibir os crimes ambientais que tomam conta do nosso territ\u00f3rio;<br \/>\n\u2022 \u00c0 Lisura nos licenciamentos ambientais e audi\u00eancias p\u00fablicas para empreendimentos de grande impacto, como mineradoras, galp\u00f5es de log\u00edstica e grandes empreendimentos imobili\u00e1rios;<br \/>\n\u2022 \u00c0 cria\u00e7\u00e3o de Reservas, Parques e \u00c1reas de Prote\u00e7\u00e3o Ambiental para a preserva\u00e7\u00e3o de nossa fauna, flora e mananciais, em especial a cria\u00e7\u00e3o do o Parque Estadual do Morro Grande, integralmente na \u00e1rea correspondente \u00e0 Reserva Florestal do Morro Grande-Cotia e a cria\u00e7\u00e3o da \u00c1rea de Prote\u00e7\u00e3o Ambiental \u2013 APA Corredor Sudoeste, que proteger\u00e1 os corredores ecol\u00f3gicos da fauna silvestre em nossa regi\u00e3o;<br \/>\n\u2022 Ao retorno ou fortalecimento dos Institutos de Pesquisa, fonte de informa\u00e7\u00f5es preciosas para enfrentamento das Mudan\u00e7as Clim\u00e1ticas;<br \/>\n\u2022 Ao fortalecimento da participa\u00e7\u00e3o da sociedade civil nos Comit\u00eas e Conselhos<br \/>\n\u2022 Ao contrapondo ao Retrocesso Ambiental e aos Projetos e Lei anticonstitucionais que fragilizam os instrumentos de prote\u00e7\u00e3o do meio ambiente;<br \/>\n\u2022 Ao contrapondo ao desmantelamento dos organismos de monitoramento e controle que d\u00e3o suporte \u00e0 fiscaliza\u00e7\u00e3o ambiental.<br \/>\nPrecisamos ampliar a defesa de nossas cidades do Sudoeste da Regi\u00e3o Metropolitana de S\u00e3o Paulo, em favor da preserva\u00e7\u00e3o, exigindo o cumprimento das leis, por nossa pr\u00f3pria sobreviv\u00eancia e das demais esp\u00e9cies. Precisamos de nossas matas em p\u00e9 para garantir o fornecimento de \u00e1gua para a Grande S\u00e3o Paulo, para o amortecimento do calor, melhoria da qualidade do ar, produ\u00e7\u00e3o de alimentos e garantir meios de sobreviv\u00eancia \u00e0 popula\u00e7\u00e3o mais vulner\u00e1vel, em meio \u00e0 Emerg\u00eancia Clim\u00e1tica. Nossa defesa \u00e9 imprescind\u00edvel neste momento. O Brasil tem que desempenhar seu papel de protagonista na preserva\u00e7\u00e3o planet\u00e1ria e faremos a nossa parte.<br \/>\nN\u00f3s, representantes da Sociedade Civil, organizados em Movimentos, Organiza\u00e7\u00f5es N\u00e3o Governamentais e Coletivos em Defesa do Meio Ambiente do Sudoeste da Regi\u00e3o Metropolitana da Cidade de S\u00e3o Paulo, S\u00e3o Paulo, Brasil, subscrevemos esta carta em defesa de nosso territ\u00f3rio.<\/p>\n<p>Muito Obrigada<\/p>\n<p>Preservar Itapecerica<br \/>\nSociedade<br \/>\nEcol\u00f3gica Amigos de Embu<br \/>\nPanverde<br \/>\nCooperativa de Reciclagem Recicla Vera Cruz<br \/>\nInstituto Ixixa<br \/>\nSalve o Morro Grande<br \/>\nApoio: Proam \u2013 Instituto de Prote\u00e7\u00e3o Ambiental<\/p>\n<p>*por: Adriana Abelh\u00e3o<\/p>\n","protected":false},"excerpt":{"rendered":"<p>Entidades Ambientalistas de Itapecerica da Serra, Embu das Artes, Cotia, Juquitiba e S\u00e3o Louren\u00e7o encaminham manifesto para a COP26 que<\/p>\n","protected":false},"author":3,"featured_media":4740,"comment_status":"open","ping_status":"open","sticky":false,"template":"","format":"standard","meta":{"footnotes":""},"categories":[1,15,16,17,4,8],"tags":[],"class_list":["post-4739","post","type-post","status-publish","format-standard","has-post-thumbnail","hentry","category-destaque","category-embu-das-artes","category-itapecerica-da-serra","category-juquitiba","category-noticias","category-sao-lourenco"],"_links":{"self":[{"href":"https:\/\/folhadopirajucara.com.br\/index.php\/wp-json\/wp\/v2\/posts\/4739"}],"collection":[{"href":"https:\/\/folhadopirajucara.com.br\/index.php\/wp-json\/wp\/v2\/posts"}],"about":[{"href":"https:\/\/folhadopirajucara.com.br\/index.php\/wp-json\/wp\/v2\/types\/post"}],"author":[{"embeddable":true,"href":"https:\/\/folhadopirajucara.com.br\/index.php\/wp-json\/wp\/v2\/users\/3"}],"replies":[{"embeddable":true,"href":"https:\/\/folhadopirajucara.com.br\/index.php\/wp-json\/wp\/v2\/comments?post=4739"}],"version-history":[{"count":1,"href":"https:\/\/folhadopirajucara.com.br\/index.php\/wp-json\/wp\/v2\/posts\/4739\/revisions"}],"predecessor-version":[{"id":4741,"href":"https:\/\/folhadopirajucara.com.br\/index.php\/wp-json\/wp\/v2\/posts\/4739\/revisions\/4741"}],"wp:featuredmedia":[{"embeddable":true,"href":"https:\/\/folhadopirajucara.com.br\/index.php\/wp-json\/wp\/v2\/media\/4740"}],"wp:attachment":[{"href":"https:\/\/folhadopirajucara.com.br\/index.php\/wp-json\/wp\/v2\/media?parent=4739"}],"wp:term":[{"taxonomy":"category","embeddable":true,"href":"https:\/\/folhadopirajucara.com.br\/index.php\/wp-json\/wp\/v2\/categories?post=4739"},{"taxonomy":"post_tag","embeddable":true,"href":"https:\/\/folhadopirajucara.com.br\/index.php\/wp-json\/wp\/v2\/tags?post=4739"}],"curies":[{"name":"wp","href":"https:\/\/api.w.org\/{rel}","templated":true}]}}