{"id":4794,"date":"2021-11-27T19:44:03","date_gmt":"2021-11-27T22:44:03","guid":{"rendered":"http:\/\/folhadopirajucara.com.br\/?p=4794"},"modified":"2021-12-02T19:46:42","modified_gmt":"2021-12-02T22:46:42","slug":"juquitiba-realiza-reuniao-do-conselho-municipal-de-turismo-comtur","status":"publish","type":"post","link":"https:\/\/folhadopirajucara.com.br\/index.php\/2021\/11\/27\/juquitiba-realiza-reuniao-do-conselho-municipal-de-turismo-comtur\/","title":{"rendered":"Juquitiba realiza reuni\u00e3o do Conselho Municipal de Turismo \u2013 COMTUR"},"content":{"rendered":"<p>Na \u00faltima quinta-feira (25), aconteceu a 6\u00aa Reuni\u00e3o Ordin\u00e1ria do Conselho Municipal de Turismo &#8211; COMTUR, que contou com a presen\u00e7a de conselheiros, convidados e membros que est\u00e3o se organizando para criar o Conselho de Cultura para abordar os seguintes temas:<\/p>\n<p>&#8211; Aprova\u00e7\u00e3o da Revis\u00e3o do Plano Diretor de Desenvolvimento Tur\u00edstico;<\/p>\n<p>&#8211; Resultado da Vota\u00e7\u00e3o do Pr\u00eamio Top Destinos Tur\u00edsticos da ADVB;<\/p>\n<p>&#8211; CADASTUR;<\/p>\n<p>&#8211; Selo de Turismo Respons\u00e1vel e regulariza\u00e7\u00e3o dos empreendimentos tur\u00edsticos;<\/p>\n<p>&#8211; Atualiza\u00e7\u00e3o das atividades referentes as rotas do CicloTurismo;<\/p>\n<p>&#8211; Expo Forum Band News \u2013 retomada do turismo 16\/11\/21;<\/p>\n<p>&#8211; Palestras de Turismo para o CRAS Centro e Barnab\u00e9s;<\/p>\n<p>&#8211; Recupera\u00e7\u00e3o de estradas vicinais;<\/p>\n<p>&#8211; Projeto &#8220;Mapa Tur\u00edstico de Juquitiba&#8221; etapa final;<\/p>\n<p>&#8211; Terra Luminous \u201cProjeto Doutora Floresta\u201d<\/p>\n<p>&#8211; Aviso do Cancelamento do Anivers\u00e1rio da Juquibier em Dezembro;<\/p>\n<p>&#8211; Reuni\u00e3o CMDR;<\/p>\n<p>&#8211; Reuni\u00e3o Extraordin\u00e1ria aprova\u00e7\u00e3o Sinaliza\u00e7\u00e3o Tur\u00edstica;<\/p>\n<p>&#8211; Parceria com a Universidade S\u00e3o Judas Tadeu e \u00c2nima Educacional Consultoria Municipal para o desenvolvimento tur\u00edstico;<\/p>\n<p>&#8211; CIET pesquisa percep\u00e7\u00e3o da popula\u00e7\u00e3o sobre o turismo municipal;<\/p>\n<p>&#8211; Elei\u00e7\u00e3o COMTUR janeiro de 2022;<\/p>\n<p>&#8211; Novo empreendimento ICJ 18 Chal\u00e9s Alojamento Day Camp represa cachoeira do Fran\u00e7a;<\/p>\n<p>&#8211; Atividades e eventos do Trade<\/p>\n<p>&#8211; Pesquisa de demanda alta temporada para dezembro\/janeiro;<\/p>\n<p>&#8211; Assembl\u00e9ia Ordin\u00e1ria Prefeitos CONISUD;<\/p>\n<p>A Vice Presidente da ATHOS e Propriet\u00e1ria do Rancho da Linda Paisagem Paula Martins, falou sobre a import\u00e2ncia para a Regulamenta\u00e7\u00e3o e o Desenvolvimento Tur\u00edstico.<\/p>\n<p>A pr\u00f3xima reuni\u00e3o do COMTUR est\u00e1 pr\u00e9 agendada para o dia 16 de Dezembro, \u00e0s 15:00h em local \u00e0 definir.<\/p>\n<p>#COMTUR #turismo #prefeituradejuquitiba #juquitiba<\/p>\n","protected":false},"excerpt":{"rendered":"<p>Na \u00faltima quinta-feira (25), aconteceu a 6\u00aa Reuni\u00e3o Ordin\u00e1ria do Conselho Municipal de Turismo &#8211; COMTUR, que contou com a<\/p>\n","protected":false},"author":3,"featured_media":4795,"comment_status":"open","ping_status":"open","sticky":false,"template":"","format":"standard","meta":{"footnotes":""},"categories":[1,17,4],"tags":[],"class_list":["post-4794","post","type-post","status-publish","format-standard","has-post-thumbnail","hentry","category-destaque","category-juquitiba","category-noticias"],"_links":{"self":[{"href":"https:\/\/folhadopirajucara.com.br\/index.php\/wp-json\/wp\/v2\/posts\/4794"}],"collection":[{"href":"https:\/\/folhadopirajucara.com.br\/index.php\/wp-json\/wp\/v2\/posts"}],"about":[{"href":"https:\/\/folhadopirajucara.com.br\/index.php\/wp-json\/wp\/v2\/types\/post"}],"author":[{"embeddable":true,"href":"https:\/\/folhadopirajucara.com.br\/index.php\/wp-json\/wp\/v2\/users\/3"}],"replies":[{"embeddable":true,"href":"https:\/\/folhadopirajucara.com.br\/index.php\/wp-json\/wp\/v2\/comments?post=4794"}],"version-history":[{"count":1,"href":"https:\/\/folhadopirajucara.com.br\/index.php\/wp-json\/wp\/v2\/posts\/4794\/revisions"}],"predecessor-version":[{"id":4796,"href":"https:\/\/folhadopirajucara.com.br\/index.php\/wp-json\/wp\/v2\/posts\/4794\/revisions\/4796"}],"wp:featuredmedia":[{"embeddable":true,"href":"https:\/\/folhadopirajucara.com.br\/index.php\/wp-json\/wp\/v2\/media\/4795"}],"wp:attachment":[{"href":"https:\/\/folhadopirajucara.com.br\/index.php\/wp-json\/wp\/v2\/media?parent=4794"}],"wp:term":[{"taxonomy":"category","embeddable":true,"href":"https:\/\/folhadopirajucara.com.br\/index.php\/wp-json\/wp\/v2\/categories?post=4794"},{"taxonomy":"post_tag","embeddable":true,"href":"https:\/\/folhadopirajucara.com.br\/index.php\/wp-json\/wp\/v2\/tags?post=4794"}],"curies":[{"name":"wp","href":"https:\/\/api.w.org\/{rel}","templated":true}]}}