{"id":4812,"date":"2021-12-06T19:03:24","date_gmt":"2021-12-06T22:03:24","guid":{"rendered":"http:\/\/folhadopirajucara.com.br\/?p=4812"},"modified":"2021-12-10T19:07:14","modified_gmt":"2021-12-10T22:07:14","slug":"reuniao-do-ibge-e-prefeitura-de-itapecerica-trata-da-operacao-censo-2022","status":"publish","type":"post","link":"https:\/\/folhadopirajucara.com.br\/index.php\/2021\/12\/06\/reuniao-do-ibge-e-prefeitura-de-itapecerica-trata-da-operacao-censo-2022\/","title":{"rendered":"Reuni\u00e3o do IBGE e Prefeitura de Itapecerica trata da Opera\u00e7\u00e3o Censo 2022"},"content":{"rendered":"<p>Foi realizada na \u00faltima sexta-feira, 3 de dezembro, no Audit\u00f3rio da Prefeitura de Itapecerica da Serra, uma reuni\u00e3o com os coordenadores do IBGE, para tratar de assuntos relacionados \u00e0 coleta de informa\u00e7\u00f5es do Censo Demogr\u00e1fico 2022.<\/p>\n<p>Esta opera\u00e7\u00e3o censit\u00e1ria ter\u00e1 in\u00edcio em junho de 2022, e tem como finalidade obter informa\u00e7\u00f5es atualizadas e precisas, que s\u00e3o fundamentais para o desenvolvimento e implementa\u00e7\u00e3o de pol\u00edticas p\u00fablicas e para a realiza\u00e7\u00e3o de investimentos, tanto do governo, quanto da iniciativa privada.<\/p>\n<p>Durante a opera\u00e7\u00e3o, coordenada pelo IBGE, ser\u00e3o abertas mais de 150 vagas de emprego tempor\u00e1rio em Itapecerica da Serra. Mais informa\u00e7\u00f5es podem ser obtidas no site:\u00a0<a href=\"https:\/\/censo2022.ibge.gov.br\/\">censo2022.ibge.gov.br<\/a><\/p>\n<p>Presentes \u00e0 reuni\u00e3o: os Coordenadores Censit\u00e1rios: Renata dos Santos Dutra, Sub\u00e1rea de Itapecerica da Serra; Girlene de Jesus Costa, Sub\u00e1rea de Tabo\u00e3o da Serra; Viktor Aschermann, de \u00c1rea; Jo\u00e3o Marcos de Oliveira Silva, Regional, al\u00e9m de servidores da Prefeitura de Itapecerica da Serra.<\/p>\n<p>&nbsp;<\/p>\n<p>*fonte: SP Reporter<\/p>\n","protected":false},"excerpt":{"rendered":"<p>Foi realizada na \u00faltima sexta-feira, 3 de dezembro, no Audit\u00f3rio da Prefeitura de Itapecerica da Serra, uma reuni\u00e3o com os<\/p>\n","protected":false},"author":3,"featured_media":4813,"comment_status":"open","ping_status":"open","sticky":false,"template":"","format":"standard","meta":{"footnotes":""},"categories":[1,16,4],"tags":[],"class_list":["post-4812","post","type-post","status-publish","format-standard","has-post-thumbnail","hentry","category-destaque","category-itapecerica-da-serra","category-noticias"],"_links":{"self":[{"href":"https:\/\/folhadopirajucara.com.br\/index.php\/wp-json\/wp\/v2\/posts\/4812"}],"collection":[{"href":"https:\/\/folhadopirajucara.com.br\/index.php\/wp-json\/wp\/v2\/posts"}],"about":[{"href":"https:\/\/folhadopirajucara.com.br\/index.php\/wp-json\/wp\/v2\/types\/post"}],"author":[{"embeddable":true,"href":"https:\/\/folhadopirajucara.com.br\/index.php\/wp-json\/wp\/v2\/users\/3"}],"replies":[{"embeddable":true,"href":"https:\/\/folhadopirajucara.com.br\/index.php\/wp-json\/wp\/v2\/comments?post=4812"}],"version-history":[{"count":1,"href":"https:\/\/folhadopirajucara.com.br\/index.php\/wp-json\/wp\/v2\/posts\/4812\/revisions"}],"predecessor-version":[{"id":4814,"href":"https:\/\/folhadopirajucara.com.br\/index.php\/wp-json\/wp\/v2\/posts\/4812\/revisions\/4814"}],"wp:featuredmedia":[{"embeddable":true,"href":"https:\/\/folhadopirajucara.com.br\/index.php\/wp-json\/wp\/v2\/media\/4813"}],"wp:attachment":[{"href":"https:\/\/folhadopirajucara.com.br\/index.php\/wp-json\/wp\/v2\/media?parent=4812"}],"wp:term":[{"taxonomy":"category","embeddable":true,"href":"https:\/\/folhadopirajucara.com.br\/index.php\/wp-json\/wp\/v2\/categories?post=4812"},{"taxonomy":"post_tag","embeddable":true,"href":"https:\/\/folhadopirajucara.com.br\/index.php\/wp-json\/wp\/v2\/tags?post=4812"}],"curies":[{"name":"wp","href":"https:\/\/api.w.org\/{rel}","templated":true}]}}