{"id":4905,"date":"2022-01-18T21:38:22","date_gmt":"2022-01-19T00:38:22","guid":{"rendered":"http:\/\/folhadopirajucara.com.br\/?p=4905"},"modified":"2022-01-18T21:38:22","modified_gmt":"2022-01-19T00:38:22","slug":"juquitiba-inicia-vacinacao-infantil-contra-covid-19-nesta-terca-feira","status":"publish","type":"post","link":"https:\/\/folhadopirajucara.com.br\/index.php\/2022\/01\/18\/juquitiba-inicia-vacinacao-infantil-contra-covid-19-nesta-terca-feira\/","title":{"rendered":"Juquitiba inicia vacina\u00e7\u00e3o infantil contra Covid-19 nesta ter\u00e7a-feira"},"content":{"rendered":"<p><img loading=\"lazy\" decoding=\"async\" class=\"wp-image-4906 alignleft\" src=\"https:\/\/folhadopirajucara.com.br\/wp-content\/uploads\/2022\/01\/271968712_4695875123842628_2513828680801953158_n.jpg\" alt=\"\" width=\"380\" height=\"380\" srcset=\"https:\/\/folhadopirajucara.com.br\/wp-content\/uploads\/2022\/01\/271968712_4695875123842628_2513828680801953158_n.jpg 284w, https:\/\/folhadopirajucara.com.br\/wp-content\/uploads\/2022\/01\/271968712_4695875123842628_2513828680801953158_n-150x150.jpg 150w\" sizes=\"(max-width: 380px) 100vw, 380px\" \/>A prefeitura de Juquitiba iniciou nesta ter\u00e7a-feira, dia 18\/01, vacina\u00e7\u00e3o contra a Covid-19, para crian\u00e7as entre cinco e 11 anos com comorbidades ou defici\u00eancia permanente.<\/p>\n<p>O P\u00f3lo de Vacina\u00e7\u00e3o Centro de Juquitiba funcionar\u00e1 exclusivamente para imuniza\u00e7\u00e3o das crian\u00e7as somente \u00e0s ter\u00e7as e \u00e0s quintas-feiras das 9h \u00e0s 12h e das 13h \u00e0s 16h.<\/p>\n<p>O P\u00f3lo de Vacina\u00e7\u00e3o do Centro funciona na avenida Trancredo de Almeida Neves, s\/n\u00ba, na pra\u00e7a do PEC. Mais informa\u00e7\u00f5es na secretaria de Higiene e Sa\u00fade de Juquitiba: 4681-4230.<\/p>\n<p>A documenta\u00e7\u00e3o necess\u00e1ria que pais ou respons\u00e1veis precisam levar s\u00e3o:<br \/>\n\u2013 Comprovante de comorbidade<br \/>\n\u2013 Documento de identidade do respons\u00e1vel<br \/>\n\u2013 Comprovante de resid\u00eancia do respons\u00e1vel<br \/>\n\u2013 RG ou Certid\u00e3o de Nascimento da crian\u00e7a<br \/>\n\u2013 CPF e\/ou Cart\u00e3o SUS da crian\u00e7a<br \/>\n\u2013 Carteirinha de vacina\u00e7\u00e3o de rotina<\/p>\n<p>&nbsp;<\/p>\n<p>*fonte: O Taboanense<\/p>\n","protected":false},"excerpt":{"rendered":"<p>A prefeitura de Juquitiba iniciou nesta ter\u00e7a-feira, dia 18\/01, vacina\u00e7\u00e3o contra a Covid-19, para crian\u00e7as entre cinco e 11 anos<\/p>\n","protected":false},"author":3,"featured_media":4907,"comment_status":"open","ping_status":"open","sticky":false,"template":"","format":"standard","meta":{"footnotes":""},"categories":[1,17,4],"tags":[],"class_list":["post-4905","post","type-post","status-publish","format-standard","has-post-thumbnail","hentry","category-destaque","category-juquitiba","category-noticias"],"_links":{"self":[{"href":"https:\/\/folhadopirajucara.com.br\/index.php\/wp-json\/wp\/v2\/posts\/4905"}],"collection":[{"href":"https:\/\/folhadopirajucara.com.br\/index.php\/wp-json\/wp\/v2\/posts"}],"about":[{"href":"https:\/\/folhadopirajucara.com.br\/index.php\/wp-json\/wp\/v2\/types\/post"}],"author":[{"embeddable":true,"href":"https:\/\/folhadopirajucara.com.br\/index.php\/wp-json\/wp\/v2\/users\/3"}],"replies":[{"embeddable":true,"href":"https:\/\/folhadopirajucara.com.br\/index.php\/wp-json\/wp\/v2\/comments?post=4905"}],"version-history":[{"count":1,"href":"https:\/\/folhadopirajucara.com.br\/index.php\/wp-json\/wp\/v2\/posts\/4905\/revisions"}],"predecessor-version":[{"id":4908,"href":"https:\/\/folhadopirajucara.com.br\/index.php\/wp-json\/wp\/v2\/posts\/4905\/revisions\/4908"}],"wp:featuredmedia":[{"embeddable":true,"href":"https:\/\/folhadopirajucara.com.br\/index.php\/wp-json\/wp\/v2\/media\/4907"}],"wp:attachment":[{"href":"https:\/\/folhadopirajucara.com.br\/index.php\/wp-json\/wp\/v2\/media?parent=4905"}],"wp:term":[{"taxonomy":"category","embeddable":true,"href":"https:\/\/folhadopirajucara.com.br\/index.php\/wp-json\/wp\/v2\/categories?post=4905"},{"taxonomy":"post_tag","embeddable":true,"href":"https:\/\/folhadopirajucara.com.br\/index.php\/wp-json\/wp\/v2\/tags?post=4905"}],"curies":[{"name":"wp","href":"https:\/\/api.w.org\/{rel}","templated":true}]}}