{"id":4939,"date":"2022-01-27T19:27:33","date_gmt":"2022-01-27T22:27:33","guid":{"rendered":"http:\/\/folhadopirajucara.com.br\/?p=4939"},"modified":"2022-01-27T19:28:10","modified_gmt":"2022-01-27T22:28:10","slug":"sispesp-solicita-audiencia-com-governo-de-sp-para-tratar-de-recomposicao-salarial-dos-servidores","status":"publish","type":"post","link":"https:\/\/folhadopirajucara.com.br\/index.php\/2022\/01\/27\/sispesp-solicita-audiencia-com-governo-de-sp-para-tratar-de-recomposicao-salarial-dos-servidores\/","title":{"rendered":"Sispesp solicita audi\u00eancia com governo de SP para tratar de recomposi\u00e7\u00e3o salarial dos servidores"},"content":{"rendered":"<p style=\"text-align: center;\"><strong><i>N\u00e3o h\u00e1 sociedade forte com funcionalismo p\u00fablico fraco<\/i><\/strong><\/p>\n<p>&nbsp;<\/p>\n<p>Preocupado com a grave situa\u00e7\u00e3o dos funcion\u00e1rios p\u00fablicos estaduais, o Sindicato dos Servidores P\u00fablicos do Estado de S\u00e3o Paulo (Sispesp), enviou of\u00edcio ao governador Jo\u00e3o Doria com pedido urgente de audi\u00eancia. O objetivo \u00e9 tratar de demandas da categoria que, sem reposi\u00e7\u00e3o salarial, amarga arrocho de sal\u00e1rios e benef\u00edcios h\u00e1 anos.<\/p>\n<p>\u201cSomente em 2021, a infla\u00e7\u00e3o ultrapassou a casa de 10%, o que somado \u00e0 alta carga tribut\u00e1ria e aos demais meios de arrecada\u00e7\u00e3o, nos faz concluir que o Estado possui receita suficiente para colocar em discuss\u00e3o, com rapidez necess\u00e1ria, a recomposi\u00e7\u00e3o salarial dos servidores\u201d, defende Lineu Mazano, presidente do Sispesp.<\/p>\n<p>Segundo Mazano, o \u201cartif\u00edcio\u201d utilizado para a n\u00e3o corre\u00e7\u00e3o das perdas salariais dos empregados do setor p\u00fablico, a Lei Complementar n\u00ba 173\/2020 (LC 173\/20), n\u00e3o pro\u00edbe a recomposi\u00e7\u00e3o visando repor as perdas inflacion\u00e1rias, mas sim o aumento de sal\u00e1rios.<\/p>\n<p>Com validade at\u00e9 31 de dezembro de 2021, LC 173\/20 foi criada pelo Governo Federal com o argumento de garantir o equil\u00edbrio das contas p\u00fablicas, por meio do Programa Federativo de Enfrentamento \u00e0 Covid-19.<\/p>\n<p>\u201cA Lei n\u00e3o permitia o aumento de sal\u00e1rios, mas a recomposi\u00e7\u00e3o \u00e9 urgente. Empregados de muitos segmentos amargam um arrocho salarial alt\u00edssimo, sem falarmos nos benef\u00edcios. Os valores s\u00e3o aviltantes. A conta da crise e da pandemia n\u00e3o pode ser jogada nas costas dos servidores. Por isso, esperamos o quanto antes uma resposta do poder p\u00fablico ao nosso pleito\u201d, finaliza o presidente do Sispesp.<\/p>\n<p>&nbsp;<\/p>\n<p>*por: Cinthia Ribas\u00a0(Assessora de Comunica\u00e7\u00e3o Sispesp)<\/p>\n","protected":false},"excerpt":{"rendered":"<p>N\u00e3o h\u00e1 sociedade forte com funcionalismo p\u00fablico fraco &nbsp; Preocupado com a grave situa\u00e7\u00e3o dos funcion\u00e1rios p\u00fablicos estaduais, o Sindicato<\/p>\n","protected":false},"author":3,"featured_media":4940,"comment_status":"open","ping_status":"open","sticky":false,"template":"","format":"standard","meta":{"footnotes":""},"categories":[36,1],"tags":[],"class_list":["post-4939","post","type-post","status-publish","format-standard","has-post-thumbnail","hentry","category-coluna-do-servidor","category-destaque"],"_links":{"self":[{"href":"https:\/\/folhadopirajucara.com.br\/index.php\/wp-json\/wp\/v2\/posts\/4939"}],"collection":[{"href":"https:\/\/folhadopirajucara.com.br\/index.php\/wp-json\/wp\/v2\/posts"}],"about":[{"href":"https:\/\/folhadopirajucara.com.br\/index.php\/wp-json\/wp\/v2\/types\/post"}],"author":[{"embeddable":true,"href":"https:\/\/folhadopirajucara.com.br\/index.php\/wp-json\/wp\/v2\/users\/3"}],"replies":[{"embeddable":true,"href":"https:\/\/folhadopirajucara.com.br\/index.php\/wp-json\/wp\/v2\/comments?post=4939"}],"version-history":[{"count":2,"href":"https:\/\/folhadopirajucara.com.br\/index.php\/wp-json\/wp\/v2\/posts\/4939\/revisions"}],"predecessor-version":[{"id":4942,"href":"https:\/\/folhadopirajucara.com.br\/index.php\/wp-json\/wp\/v2\/posts\/4939\/revisions\/4942"}],"wp:featuredmedia":[{"embeddable":true,"href":"https:\/\/folhadopirajucara.com.br\/index.php\/wp-json\/wp\/v2\/media\/4940"}],"wp:attachment":[{"href":"https:\/\/folhadopirajucara.com.br\/index.php\/wp-json\/wp\/v2\/media?parent=4939"}],"wp:term":[{"taxonomy":"category","embeddable":true,"href":"https:\/\/folhadopirajucara.com.br\/index.php\/wp-json\/wp\/v2\/categories?post=4939"},{"taxonomy":"post_tag","embeddable":true,"href":"https:\/\/folhadopirajucara.com.br\/index.php\/wp-json\/wp\/v2\/tags?post=4939"}],"curies":[{"name":"wp","href":"https:\/\/api.w.org\/{rel}","templated":true}]}}