{"id":4943,"date":"2022-01-27T22:12:34","date_gmt":"2022-01-28T01:12:34","guid":{"rendered":"http:\/\/folhadopirajucara.com.br\/?p=4943"},"modified":"2022-01-27T22:12:34","modified_gmt":"2022-01-28T01:12:34","slug":"reis-visita-cepir-de-taboao-da-serra","status":"publish","type":"post","link":"https:\/\/folhadopirajucara.com.br\/index.php\/2022\/01\/27\/reis-visita-cepir-de-taboao-da-serra\/","title":{"rendered":"Reis visita CEPIR de Tabo\u00e3o da Serra"},"content":{"rendered":"<p>No \u00faltimo dia 26\/01, o gestor da CEPIR &#8211; Coordenadoria Especial de Promo\u00e7\u00e3o da Igualdade Racial, Ant\u00f4nio Carlos Sousa Santos, recebeu a visita de Paulo Reis ex-vereador e ex-presidente da Comiss\u00e3o Permanente de Assuntos, ligados a promo\u00e7\u00e3o de igualdade racial da C\u00e2mara Municipal de S\u00e3o Paulo.<\/p>\n<p>Na oportunidade Reis levou seus votos de sucesso ao gestor Sousa Santos dizendo tamb\u00e9m sobre a import\u00e2ncia de pol\u00edticas p\u00fablicas voltadas para a popula\u00e7\u00e3o mais discriminada da sociedade brasileira o povo negro.<\/p>\n<p>Paulo Reis mais conhecido como Vereador Reis tamb\u00e9m foi professor da rede estadual de Tabo\u00e3o da Serra nos anos de 1990. Ele lecionou matem\u00e1tica no per\u00edodo noturno da EEPG Reinaldo Nascimento Faleiros no bairro do Jardim S\u00e3o Salvador.<\/p>\n<p>Nesse per\u00edodo Reis lecionou tamb\u00e9m com alguns professores que fizeram hist\u00f3ria naquela escola, como professor M\u00e1rio, professor Noel, professor Roberto Carlos e professora Katcilene, entre outros tantos.<\/p>\n<p>A escola naquele per\u00edodo ela era dirigida pela diretora Mirinha hoje aposentada da rede estadual de ensino.<\/p>\n<p>Como vereador de dois mandatos de 2013\/16 e 2017\/20, apresentou diversos projetos voltados para as pol\u00edticas p\u00fablicas da capital. Sempre teve uma atua\u00e7\u00e3o destacada nas \u00e1reas mais perif\u00e9ricas de S\u00e3o Paulo, tanto na zona Sul quanto na zona leste.<\/p>\n<p>Paulo Reis tamb\u00e9m \u00e9 bacharel em direito e foi professor da rede estadual de ensino, vereador de dois mandatos na capital e \u00e9 funcion\u00e1rio p\u00fablico na \u00e1rea da seguran\u00e7a p\u00fablica do Estado de S\u00e3o Paulo.<\/p>\n<p>O seu legado parlamentar na capital fez com que diversos apoiadores e incentivadores o convencesse a se lan\u00e7ar pr\u00e9-candidato a deputado estadual pelo Partido dos Trabalhadores nessas elei\u00e7\u00f5es de 2022.<\/p>\n","protected":false},"excerpt":{"rendered":"<p>No \u00faltimo dia 26\/01, o gestor da CEPIR &#8211; Coordenadoria Especial de Promo\u00e7\u00e3o da Igualdade Racial, Ant\u00f4nio Carlos Sousa Santos,<\/p>\n","protected":false},"author":3,"featured_media":4944,"comment_status":"open","ping_status":"open","sticky":false,"template":"","format":"standard","meta":{"footnotes":""},"categories":[1,4,10],"tags":[],"class_list":["post-4943","post","type-post","status-publish","format-standard","has-post-thumbnail","hentry","category-destaque","category-noticias","category-taboao-da-serra"],"_links":{"self":[{"href":"https:\/\/folhadopirajucara.com.br\/index.php\/wp-json\/wp\/v2\/posts\/4943"}],"collection":[{"href":"https:\/\/folhadopirajucara.com.br\/index.php\/wp-json\/wp\/v2\/posts"}],"about":[{"href":"https:\/\/folhadopirajucara.com.br\/index.php\/wp-json\/wp\/v2\/types\/post"}],"author":[{"embeddable":true,"href":"https:\/\/folhadopirajucara.com.br\/index.php\/wp-json\/wp\/v2\/users\/3"}],"replies":[{"embeddable":true,"href":"https:\/\/folhadopirajucara.com.br\/index.php\/wp-json\/wp\/v2\/comments?post=4943"}],"version-history":[{"count":1,"href":"https:\/\/folhadopirajucara.com.br\/index.php\/wp-json\/wp\/v2\/posts\/4943\/revisions"}],"predecessor-version":[{"id":4945,"href":"https:\/\/folhadopirajucara.com.br\/index.php\/wp-json\/wp\/v2\/posts\/4943\/revisions\/4945"}],"wp:featuredmedia":[{"embeddable":true,"href":"https:\/\/folhadopirajucara.com.br\/index.php\/wp-json\/wp\/v2\/media\/4944"}],"wp:attachment":[{"href":"https:\/\/folhadopirajucara.com.br\/index.php\/wp-json\/wp\/v2\/media?parent=4943"}],"wp:term":[{"taxonomy":"category","embeddable":true,"href":"https:\/\/folhadopirajucara.com.br\/index.php\/wp-json\/wp\/v2\/categories?post=4943"},{"taxonomy":"post_tag","embeddable":true,"href":"https:\/\/folhadopirajucara.com.br\/index.php\/wp-json\/wp\/v2\/tags?post=4943"}],"curies":[{"name":"wp","href":"https:\/\/api.w.org\/{rel}","templated":true}]}}