{"id":4952,"date":"2022-02-05T21:26:28","date_gmt":"2022-02-06T00:26:28","guid":{"rendered":"http:\/\/folhadopirajucara.com.br\/?p=4952"},"modified":"2022-02-05T21:26:28","modified_gmt":"2022-02-06T00:26:28","slug":"memorial-dos-aflitos-ainda-nao-saiu-do-papel-na-capital","status":"publish","type":"post","link":"https:\/\/folhadopirajucara.com.br\/index.php\/2022\/02\/05\/memorial-dos-aflitos-ainda-nao-saiu-do-papel-na-capital\/","title":{"rendered":"Memorial dos aflitos ainda n\u00e3o saiu do papel na Capital"},"content":{"rendered":"<blockquote>\n<h5 style=\"text-align: center;\"><strong><em>Memorial dos Aflitos, em homenagem \u00e0s v\u00edtimas da escravid\u00e3o no s\u00e9culo XVIII, em S\u00e3o Paulo, ainda n\u00e3o saiu do papel<\/em><\/strong><\/h5>\n<\/blockquote>\n<p>&nbsp;<\/p>\n<p>H\u00e1 alguns dias assistimos a um crime de racismo de repercuss\u00e3o na grande m\u00eddia, praticado por um legislador de nossa regi\u00e3o, mais precisamente pelo Presidente da C\u00e2mara de Vereadores de Embu das Artes, Renato Oliveira, que al\u00e9m de cometer crime de racismo, com declara\u00e7\u00f5es incontestavelmente preconceituosas e desrespeitosas, algo inadmiss\u00edvel, principalmente diante de sua posi\u00e7\u00e3o como legislador, desacatou autoridades, tudo gravado e compartilhado nas redes sociais.<\/p>\n<p>Isso demonstra como a luta contra o racismo ainda \u00e9 uma luta urgent\u00edssima em todo o pa\u00eds e salta aos olhos que tamb\u00e9m muito pr\u00f3ximo, na cidade de S\u00e3o Paulo, tardem a reconhecer um patrim\u00f4nio hist\u00f3rico precios\u00edssimo, encontrado no Bairro da Liberdade, em 2018, durante a demoli\u00e7\u00e3o de um pr\u00e9dio antigo aos fundos da Capela Nossa Senhora dos Aflitos, onde hoje \u00e9 a Rua da Gl\u00f3ria.<\/p>\n<p>Foram encontradas no local ossadas de nove pessoas, delicadamente retiradas e catalogadas por arque\u00f3logas, que descobriram, al\u00e9m dos ossos, dois bot\u00f5es de camisa, um de metal e outro de osso, e contas de um colar de vidro, material que indica claramente \u00e0s pesquisadoras que pertenciam a pessoas escravizadas que utilizavam adere\u00e7os ligados \u00e0s religi\u00f5es de matriz africana.<\/p>\n<p>Essa descoberta tamb\u00e9m comprovou a exist\u00eancia do Cemit\u00e9rio dos Aflitos, a primeira necr\u00f3pole de S\u00e3o Paulo. A regi\u00e3o abriga a Capela Nossa Senhora dos Aflitos, tombada pelo IPHAN \u2013 Instituto do Patrim\u00f4nio Hist\u00f3rico Nacional, regi\u00e3o conhecida como Largo da Forca, hoje bairro da Liberdade e o Pelourinho, hoje Largo Sete de Setembro, onde eram enforcados e a\u00e7oitados homens e mulheres submetidos \u00e0 escravid\u00e3o e tamb\u00e9m onde eram enterradas pessoas pobres e escravizadas entre os s\u00e9culos XVIII e XIX, o que se confirmou com o achamento das ossadas.<\/p>\n<p>H\u00e1 fortes ind\u00edcios da exist\u00eancia de mais ossadas embaixo de pr\u00e9dios vizinhos. Diante dessa descoberta arqueol\u00f3gica valiosa para a hist\u00f3ria de nosso pa\u00eds, de grande import\u00e2ncia para a luta contra o racismo e not\u00e1vel luta do movimento negro, foi criado o Projeto de Lei 01-00653\/2018 pelo ent\u00e3o Vereador de S\u00e3o Paulo, Paulo Reis &#8211; PT, para a constru\u00e7\u00e3o do Memorial dos Aflitos, destinado \u00e0 preserva\u00e7\u00e3o do acervo arqueol\u00f3gico descoberto e \u00e0 mem\u00f3ria dos negros e negras que viveram e tanto padeceram nesta regi\u00e3o durante o per\u00edodo da escravid\u00e3o. Dentre as pe\u00e7as do acervo, estariam obrigatoriamente ossadas e demais resqu\u00edcios do antigo Cemit\u00e9rio dos Aflitos e a localiza\u00e7\u00e3o \u00e9 exatamente a do terreno entre as ruas Galv\u00e3o Bueno e dos Aflitos, atr\u00e1s da Capela de Nossa Senhora dos Aflitos, onde foram encontradas as ossadas.<\/p>\n<p>Apesar de a lei ter sido aprovada na C\u00e2mara em dezembro de 2019 e sancionada pelo falecido Prefeito de S\u00e3o Paulo, Bruno Covas, em janeiro de 2020, at\u00e9 agora n\u00e3o saiu do papel. Em audi\u00eancia p\u00fablica ao final do ano passado, sobre o or\u00e7amento executivo proposto na \u00e1rea da Cultura para 2022, na cidade de S\u00e3o Paulo, foi apresentado o Programa de Metas 2021-2024, que inclui projetos de combate ao racismo e um dos objetivos citados foi a inaugura\u00e7\u00e3o do Memorial dos Aflitos, mas, mais uma vez, as decis\u00f5es v\u00e3o na contra m\u00e3o da valoriza\u00e7\u00e3o da Cultura Negra e do combate ao racismo, pois a previs\u00e3o para a conclus\u00e3o do memorial est\u00e1 programada para somente daqui a tr\u00eas anos.<\/p>\n<p>&nbsp;<\/p>\n<p>*por: Eliane Souza com informa\u00e7\u00f5es G1<\/p>\n","protected":false},"excerpt":{"rendered":"<p>Memorial dos Aflitos, em homenagem \u00e0s v\u00edtimas da escravid\u00e3o no s\u00e9culo XVIII, em S\u00e3o Paulo, ainda n\u00e3o saiu do papel<\/p>\n","protected":false},"author":3,"featured_media":4953,"comment_status":"open","ping_status":"open","sticky":false,"template":"","format":"standard","meta":{"footnotes":""},"categories":[1,4],"tags":[],"class_list":["post-4952","post","type-post","status-publish","format-standard","has-post-thumbnail","hentry","category-destaque","category-noticias"],"_links":{"self":[{"href":"https:\/\/folhadopirajucara.com.br\/index.php\/wp-json\/wp\/v2\/posts\/4952"}],"collection":[{"href":"https:\/\/folhadopirajucara.com.br\/index.php\/wp-json\/wp\/v2\/posts"}],"about":[{"href":"https:\/\/folhadopirajucara.com.br\/index.php\/wp-json\/wp\/v2\/types\/post"}],"author":[{"embeddable":true,"href":"https:\/\/folhadopirajucara.com.br\/index.php\/wp-json\/wp\/v2\/users\/3"}],"replies":[{"embeddable":true,"href":"https:\/\/folhadopirajucara.com.br\/index.php\/wp-json\/wp\/v2\/comments?post=4952"}],"version-history":[{"count":1,"href":"https:\/\/folhadopirajucara.com.br\/index.php\/wp-json\/wp\/v2\/posts\/4952\/revisions"}],"predecessor-version":[{"id":4954,"href":"https:\/\/folhadopirajucara.com.br\/index.php\/wp-json\/wp\/v2\/posts\/4952\/revisions\/4954"}],"wp:featuredmedia":[{"embeddable":true,"href":"https:\/\/folhadopirajucara.com.br\/index.php\/wp-json\/wp\/v2\/media\/4953"}],"wp:attachment":[{"href":"https:\/\/folhadopirajucara.com.br\/index.php\/wp-json\/wp\/v2\/media?parent=4952"}],"wp:term":[{"taxonomy":"category","embeddable":true,"href":"https:\/\/folhadopirajucara.com.br\/index.php\/wp-json\/wp\/v2\/categories?post=4952"},{"taxonomy":"post_tag","embeddable":true,"href":"https:\/\/folhadopirajucara.com.br\/index.php\/wp-json\/wp\/v2\/tags?post=4952"}],"curies":[{"name":"wp","href":"https:\/\/api.w.org\/{rel}","templated":true}]}}