{"id":4955,"date":"2022-01-25T21:26:44","date_gmt":"2022-01-26T00:26:44","guid":{"rendered":"http:\/\/folhadopirajucara.com.br\/?p=4955"},"modified":"2022-02-05T21:29:04","modified_gmt":"2022-02-06T00:29:04","slug":"lei-dos-maus-tratos-em-itapecerica-da-serra-abrange-todos-os-animais","status":"publish","type":"post","link":"https:\/\/folhadopirajucara.com.br\/index.php\/2022\/01\/25\/lei-dos-maus-tratos-em-itapecerica-da-serra-abrange-todos-os-animais\/","title":{"rendered":"Lei dos maus tratos em Itapecerica da Serra abrange todos os animais"},"content":{"rendered":"<p>Aprovada no fim do primeiro semestre do ano passado, a Lei Municipal 2.870, que pro\u00edbe maus tratos em animais, teve grande repercuss\u00e3o em Itapecerica da Serra. A autora do projeto, Vereadora Irm\u00e3 Rose, \u00e9 antiga e reconhecida defensora da causa animal, com um trabalho de acolhimento e castra\u00e7\u00e3o social muito respeitado na cidade e regi\u00e3o.<\/p>\n<p>&nbsp;<\/p>\n<p>Conversamos com a parlamentar para detalhar o alcance da lei e esclarecer algumas pol\u00eamicas levantadas em torno da mesma.<\/p>\n<p>&nbsp;<\/p>\n<p><em>Vereadora, qual foi a motiva\u00e7\u00e3o para a elabora\u00e7\u00e3o desse projeto de lei.<\/em><\/p>\n<p><strong>Irm\u00e3 Rose:<\/strong> A causa animal \u00e9 uma das prioridades do meu mandato. H\u00e1 muitos anos atuo nessa \u00e1rea, por amor aos bichinhos. N\u00e3o consigo ver um animal abandonado, muito menos maltratado. N\u00e3o podemos mais aceitar esse tipo de crueldade.<\/p>\n<p>&nbsp;<\/p>\n<p><em>Muito se fala em c\u00e3es e gatos, a senhora inclusive tem um trabalho muito reconhecido de castra\u00e7\u00e3o deles no Santa J\u00falia, mas a lei tamb\u00e9m se aplica a outros animais, correto?<\/em><\/p>\n<p><strong>Irm\u00e3 Rose:<\/strong> Com certeza, inclusive est\u00e1 bem claro no texto, animais silvestres, nativos, ex\u00f3ticos, equinos, todos os animais. Itapecerica da Serra n\u00e3o aceita qualquer tipo de explora\u00e7\u00e3o ou crueldade, a legisla\u00e7\u00e3o est\u00e1 a\u00ed, com multa de R$ 5 mil aos infratores.<\/p>\n<p>&nbsp;<\/p>\n<p><em>Houve uma pol\u00eamica na cidade em cima do entendimento de que a lei poderia proibir eventos tradicionais, como o Rodeio e a Romaria.<\/em><\/p>\n<p><strong>Irm\u00e3 Rose:<\/strong> Isso n\u00e3o \u00e9 verdade, e deixamos bem claro nas discuss\u00f5es na C\u00e2mara. Nosso foco s\u00e3o os maus tratos. Se a utiliza\u00e7\u00e3o dos animais \u00e9 correta, com todos os cuidados necess\u00e1rios, n\u00e3o h\u00e1 problema. Por\u00e9m, se houver abuso ou qualquer tipo de excesso, a\u00ed n\u00e3o vamos admitir, de forma alguma.<\/p>\n<p>&nbsp;<\/p>\n<p><em>Quais outras a\u00e7\u00f5es a senhora tem realizado pela causa animal?<\/em><\/p>\n<p><strong>Irm\u00e3 Rose:<\/strong> Trabalhei junto com a Prefeitura para cria\u00e7\u00e3o do Fumbea &#8211; Fundo de Prote\u00e7\u00e3o e Bem-Estar Animal; conquistei uma emenda de mais de R$ 200 mil com a deputada estadual Analice Fernandes para a realiza\u00e7\u00e3o de castra\u00e7\u00f5es gratuitas na cidade; al\u00e9m de atuar por melhorias no Centro Municipal de Controle de Zoonoses.<\/p>\n","protected":false},"excerpt":{"rendered":"<p>Aprovada no fim do primeiro semestre do ano passado, a Lei Municipal 2.870, que pro\u00edbe maus tratos em animais, teve<\/p>\n","protected":false},"author":3,"featured_media":4956,"comment_status":"open","ping_status":"open","sticky":false,"template":"","format":"standard","meta":{"footnotes":""},"categories":[1,16,4],"tags":[],"class_list":["post-4955","post","type-post","status-publish","format-standard","has-post-thumbnail","hentry","category-destaque","category-itapecerica-da-serra","category-noticias"],"_links":{"self":[{"href":"https:\/\/folhadopirajucara.com.br\/index.php\/wp-json\/wp\/v2\/posts\/4955"}],"collection":[{"href":"https:\/\/folhadopirajucara.com.br\/index.php\/wp-json\/wp\/v2\/posts"}],"about":[{"href":"https:\/\/folhadopirajucara.com.br\/index.php\/wp-json\/wp\/v2\/types\/post"}],"author":[{"embeddable":true,"href":"https:\/\/folhadopirajucara.com.br\/index.php\/wp-json\/wp\/v2\/users\/3"}],"replies":[{"embeddable":true,"href":"https:\/\/folhadopirajucara.com.br\/index.php\/wp-json\/wp\/v2\/comments?post=4955"}],"version-history":[{"count":1,"href":"https:\/\/folhadopirajucara.com.br\/index.php\/wp-json\/wp\/v2\/posts\/4955\/revisions"}],"predecessor-version":[{"id":4957,"href":"https:\/\/folhadopirajucara.com.br\/index.php\/wp-json\/wp\/v2\/posts\/4955\/revisions\/4957"}],"wp:featuredmedia":[{"embeddable":true,"href":"https:\/\/folhadopirajucara.com.br\/index.php\/wp-json\/wp\/v2\/media\/4956"}],"wp:attachment":[{"href":"https:\/\/folhadopirajucara.com.br\/index.php\/wp-json\/wp\/v2\/media?parent=4955"}],"wp:term":[{"taxonomy":"category","embeddable":true,"href":"https:\/\/folhadopirajucara.com.br\/index.php\/wp-json\/wp\/v2\/categories?post=4955"},{"taxonomy":"post_tag","embeddable":true,"href":"https:\/\/folhadopirajucara.com.br\/index.php\/wp-json\/wp\/v2\/tags?post=4955"}],"curies":[{"name":"wp","href":"https:\/\/api.w.org\/{rel}","templated":true}]}}