{"id":4964,"date":"2022-02-04T21:35:33","date_gmt":"2022-02-05T00:35:33","guid":{"rendered":"http:\/\/folhadopirajucara.com.br\/?p=4964"},"modified":"2022-02-05T21:39:37","modified_gmt":"2022-02-06T00:39:37","slug":"cepir-de-taboao-da-serra-participara-da-v-conferencia-regional-de-promocao-de-igualdade-racial","status":"publish","type":"post","link":"https:\/\/folhadopirajucara.com.br\/index.php\/2022\/02\/04\/cepir-de-taboao-da-serra-participara-da-v-conferencia-regional-de-promocao-de-igualdade-racial\/","title":{"rendered":"CEPIR de Tabo\u00e3o da Serra participar\u00e1 da V Confer\u00eancia Regional de Promo\u00e7\u00e3o de Igualdade Racial"},"content":{"rendered":"<blockquote>\n<p style=\"text-align: center;\"><strong><em>Encontro virtual ser\u00e1 no s\u00e1bado, 12\/02, das 8h \u00e0s 18h. Interessados podem se inscrever atrav\u00e9s do link http:\/\/lnnk.in\/eFc0<\/em><\/strong><\/p>\n<\/blockquote>\n<p><img loading=\"lazy\" decoding=\"async\" class=\"wp-image-4965 alignleft\" src=\"https:\/\/folhadopirajucara.com.br\/wp-content\/uploads\/2022\/02\/cepir.jpg\" alt=\"\" width=\"365\" height=\"369\" srcset=\"https:\/\/folhadopirajucara.com.br\/wp-content\/uploads\/2022\/02\/cepir.jpg 650w, https:\/\/folhadopirajucara.com.br\/wp-content\/uploads\/2022\/02\/cepir-296x300.jpg 296w\" sizes=\"(max-width: 365px) 100vw, 365px\" \/>Na pr\u00f3xima semana, dia 12\/02, o coordenador de Promo\u00e7\u00e3o da Igualdade Racial (CEPIR) de Tabo\u00e3o da Serra, Antonio Carlos Sousa Santos, participar\u00e1 da V Confer\u00eancia Regional de Promo\u00e7\u00e3o da Igualdade Racial &#8211; Rota dos Bandeirantes e Mananciais.<\/p>\n<p>O evento \u00e9 promovido pela Secretaria Executiva de Pol\u00edticas de Promo\u00e7\u00e3o da Igualdade Racial e pelo Conselho Municipal de Promo\u00e7\u00e3o da Igualdade Racial (COMPIR) de Osasco. O tema central do evento ser\u00e1 &#8220;Enfrentamento ao racismo e \u00e0s outras formas correlatas de discrimina\u00e7\u00e3o \u00e9tnico-raciais e de intoler\u00e2ncia religiosa: pol\u00edtica de Estado e responsabilidade de todos n\u00f3s&#8221;. Em decorr\u00eancia da pandemia de Covid-19, o encontro ser\u00e1 realizado virtualmente, das 8h \u00e0s 18h.<\/p>\n<p>Atrav\u00e9s do Decreto, n\u00ba 13.241\/2022, de Osasco, Sousa Santos foi nomeado secret\u00e1rio geral da Mesa Diretora do evento.&#8221;Nossa V Confer\u00eancia Regional de Promo\u00e7\u00e3o da Igualdade Racial \u00e9 mais uma edi\u00e7\u00e3o de um grande col\u00f3quio que pauta a CEPIR\u00a0\u00a0de Tabo\u00e3o da Serra,\u00a0\u00a0no governo do prefeito Apr\u00edgio que deu est\u00edmulo\u00a0\u00a0para\u00a0\u00a0uma pol\u00edtica primordial, objetivando o enfrentamento ao racismo, \u00e0 discrimina\u00e7\u00e3o, ao preconceito e do combate \u00e0 intoler\u00e2ncia religiosa&#8221;, declarou Sousa Santos.<\/p>\n<p>O objetivo do evento \u00e9 promover debates, reflex\u00f5es e o encaminhamento de medidas de enfrentamento ao racismo e outras formas de discrimina\u00e7\u00e3o. Fortalecer as a\u00e7\u00f5es relacionadas ao gozo de direitos e \u00e0 promo\u00e7\u00e3o da igualdade de oportunidades para a popula\u00e7\u00e3o negra. Promover o respeito, \u00e0 prote\u00e7\u00e3o e a concretiza\u00e7\u00e3o de todos os direitos humanos, liberdades fundamentais e religiosas da popula\u00e7\u00e3o negra e demais segmentos \u00e9tnico-raciais e \u00e9tnico-culturais.<\/p>\n<p>Al\u00e9m de Tabo\u00e3o da Serra e da anfitri\u00e3 Osasco, outras cidades tamb\u00e9m estar\u00e3o presentes com seus representantes, como Carapicu\u00edba, Itapevi, Barueri, Pirapora do Bom Jesus, Cotia, Jandira, Vargem Grande Paulista, Itapecerica da Serra e o Cons\u00f3rcio Intermunicipal da Regi\u00e3o Oeste Metropolitana de S\u00e3o Paulo \u2013 CIOESTE.<\/p>\n<p>Os interessados em participar podem se inscrever atrav\u00e9s do link: http:\/\/lnnk.in\/eFc0<\/p>\n","protected":false},"excerpt":{"rendered":"<p>Encontro virtual ser\u00e1 no s\u00e1bado, 12\/02, das 8h \u00e0s 18h. Interessados podem se inscrever atrav\u00e9s do link http:\/\/lnnk.in\/eFc0 Na pr\u00f3xima<\/p>\n","protected":false},"author":3,"featured_media":4966,"comment_status":"open","ping_status":"open","sticky":false,"template":"","format":"standard","meta":{"footnotes":""},"categories":[1,4,10],"tags":[],"class_list":["post-4964","post","type-post","status-publish","format-standard","has-post-thumbnail","hentry","category-destaque","category-noticias","category-taboao-da-serra"],"_links":{"self":[{"href":"https:\/\/folhadopirajucara.com.br\/index.php\/wp-json\/wp\/v2\/posts\/4964"}],"collection":[{"href":"https:\/\/folhadopirajucara.com.br\/index.php\/wp-json\/wp\/v2\/posts"}],"about":[{"href":"https:\/\/folhadopirajucara.com.br\/index.php\/wp-json\/wp\/v2\/types\/post"}],"author":[{"embeddable":true,"href":"https:\/\/folhadopirajucara.com.br\/index.php\/wp-json\/wp\/v2\/users\/3"}],"replies":[{"embeddable":true,"href":"https:\/\/folhadopirajucara.com.br\/index.php\/wp-json\/wp\/v2\/comments?post=4964"}],"version-history":[{"count":1,"href":"https:\/\/folhadopirajucara.com.br\/index.php\/wp-json\/wp\/v2\/posts\/4964\/revisions"}],"predecessor-version":[{"id":4967,"href":"https:\/\/folhadopirajucara.com.br\/index.php\/wp-json\/wp\/v2\/posts\/4964\/revisions\/4967"}],"wp:featuredmedia":[{"embeddable":true,"href":"https:\/\/folhadopirajucara.com.br\/index.php\/wp-json\/wp\/v2\/media\/4966"}],"wp:attachment":[{"href":"https:\/\/folhadopirajucara.com.br\/index.php\/wp-json\/wp\/v2\/media?parent=4964"}],"wp:term":[{"taxonomy":"category","embeddable":true,"href":"https:\/\/folhadopirajucara.com.br\/index.php\/wp-json\/wp\/v2\/categories?post=4964"},{"taxonomy":"post_tag","embeddable":true,"href":"https:\/\/folhadopirajucara.com.br\/index.php\/wp-json\/wp\/v2\/tags?post=4964"}],"curies":[{"name":"wp","href":"https:\/\/api.w.org\/{rel}","templated":true}]}}